{"id":12495,"date":"2024-10-18T10:14:59","date_gmt":"2024-10-18T13:14:59","guid":{"rendered":"http:\/\/camaracristais.mg.gov.br\/?p=12495"},"modified":"2024-10-18T10:14:59","modified_gmt":"2024-10-18T13:14:59","slug":"sessao-solene-para-posse-do-cargo-de-prefeito","status":"publish","type":"post","link":"https:\/\/camaracristais.mg.gov.br\/?p=12495","title":{"rendered":"Sess\u00e3o Solene para posse do cargo de Prefeito"},"content":{"rendered":"<p>No dia 15 de outubro \u00e0s 18:00 reuniram-se no Plen\u00e1rio da C\u00e2mara Municipal de Cristais Silvio da Silva Reis os vereadores : Marilene Silva de Paula, Roselene da Silva, Deisilene Martins, Claedmar Aparecida Santos Maia, Edivaldo Rosa Reis e Marcos Bas\u00edlio Neves, onde ocorreu a Sess\u00e3o Solene para posse do cargo de Prefeito. Na ocasi\u00e3o foi lido o Of\u00edcio de ren\u00fancia do 20\u00ba Prefeito de Cristais o Sr. Djalma Francisco Carvalho a partir do dia 15 de outubro de 2024. Nos termos do Art. 86, inciso I, a Presidente declarou extinto o mandato do Prefeito Municipal. Em conformidade com as disposi\u00e7\u00f5es do Art. 26, inciso IV da Lei Org\u00e2nica Municipal foi convocado para a posse o Sr. Leonardo Luiz Oliveira, vice-prefeito eleito, para assumir o cargo de Prefeito, para entregar o seu diploma e sua declara\u00e7\u00e3o de bens, prestando o juramento. Logo ap\u00f3s, o mesmo foi declarado empossado e assinou o termo de posse lavrado no livre pr\u00f3prio.<\/p>\n","protected":false},"excerpt":{"rendered":"<p>No dia 15 de outubro \u00e0s 18:00 reuniram-se no Plen\u00e1rio da C\u00e2mara Municipal de Cristais Silvio da Silva Reis os vereadores : Marilene Silva de Paula, Roselene da Silva, Deisilene [&hellip;]<\/p>\n","protected":false},"author":9,"featured_media":12496,"comment_status":"open","ping_status":"open","sticky":false,"template":"","format":"standard","meta":{"footnotes":""},"categories":[461,243,45],"tags":[],"class_list":["post-12495","post","type-post","status-publish","format-standard","has-post-thumbnail","hentry","category-eventos","category-galeria-de-fotos","category-noticias"],"_links":{"self":[{"href":"https:\/\/camaracristais.mg.gov.br\/index.php?rest_route=\/wp\/v2\/posts\/12495","targetHints":{"allow":["GET"]}}],"collection":[{"href":"https:\/\/camaracristais.mg.gov.br\/index.php?rest_route=\/wp\/v2\/posts"}],"about":[{"href":"https:\/\/camaracristais.mg.gov.br\/index.php?rest_route=\/wp\/v2\/types\/post"}],"author":[{"embeddable":true,"href":"https:\/\/camaracristais.mg.gov.br\/index.php?rest_route=\/wp\/v2\/users\/9"}],"replies":[{"embeddable":true,"href":"https:\/\/camaracristais.mg.gov.br\/index.php?rest_route=%2Fwp%2Fv2%2Fcomments&post=12495"}],"version-history":[{"count":1,"href":"https:\/\/camaracristais.mg.gov.br\/index.php?rest_route=\/wp\/v2\/posts\/12495\/revisions"}],"predecessor-version":[{"id":12497,"href":"https:\/\/camaracristais.mg.gov.br\/index.php?rest_route=\/wp\/v2\/posts\/12495\/revisions\/12497"}],"wp:featuredmedia":[{"embeddable":true,"href":"https:\/\/camaracristais.mg.gov.br\/index.php?rest_route=\/wp\/v2\/media\/12496"}],"wp:attachment":[{"href":"https:\/\/camaracristais.mg.gov.br\/index.php?rest_route=%2Fwp%2Fv2%2Fmedia&parent=12495"}],"wp:term":[{"taxonomy":"category","embeddable":true,"href":"https:\/\/camaracristais.mg.gov.br\/index.php?rest_route=%2Fwp%2Fv2%2Fcategories&post=12495"},{"taxonomy":"post_tag","embeddable":true,"href":"https:\/\/camaracristais.mg.gov.br\/index.php?rest_route=%2Fwp%2Fv2%2Ftags&post=12495"}],"curies":[{"name":"wp","href":"https:\/\/api.w.org\/{rel}","templated":true}]}}