{"id":12441,"date":"2024-06-07T11:04:59","date_gmt":"2024-06-07T14:04:59","guid":{"rendered":"http:\/\/camaracristais.mg.gov.br\/?p=12441"},"modified":"2024-10-07T14:23:51","modified_gmt":"2024-10-07T17:23:51","slug":"mocao-de-reconhecimento-para-a-fanfarra-prefeito-aristeu-maia","status":"publish","type":"post","link":"https:\/\/camaracristais.mg.gov.br\/?p=12441","title":{"rendered":"Mo\u00e7\u00e3o de Reconhecimento para a Fanfarra Prefeito Aristeu Maia"},"content":{"rendered":"<p>No dia 05 de Junho de 2024, \u00e0s 18:00, foi realizada na C\u00e2mara Municipal de Cristais uma Mo\u00e7\u00e3o de Reconhecimento para a Fanfarra Prefeito Aristeu Maia. O projeto, de autoria do vereador Jefferson \u00c1zara Cardoso, foi aprovado por 9 votos. Em nome da C\u00e2mara Municipal de Cristais, parabenizamos pelos anos de trabalho para a nossa querida Cristais.<\/p>\n<p><img loading=\"lazy\" decoding=\"async\" class=\"alignnone size-medium wp-image-12443\" src=\"http:\/\/camaracristais.mg.gov.br\/wp-content\/uploads\/2024\/06\/IMG_20240605_185624_725-225x300.jpg\" alt=\"\" width=\"225\" height=\"300\" srcset=\"https:\/\/camaracristais.mg.gov.br\/wp-content\/uploads\/2024\/06\/IMG_20240605_185624_725-225x300.jpg 225w, https:\/\/camaracristais.mg.gov.br\/wp-content\/uploads\/2024\/06\/IMG_20240605_185624_725-768x1024.jpg 768w, https:\/\/camaracristais.mg.gov.br\/wp-content\/uploads\/2024\/06\/IMG_20240605_185624_725-696x928.jpg 696w, https:\/\/camaracristais.mg.gov.br\/wp-content\/uploads\/2024\/06\/IMG_20240605_185624_725-1068x1424.jpg 1068w, https:\/\/camaracristais.mg.gov.br\/wp-content\/uploads\/2024\/06\/IMG_20240605_185624_725-315x420.jpg 315w\" sizes=\"auto, (max-width: 225px) 100vw, 225px\" \/> <img loading=\"lazy\" decoding=\"async\" class=\"alignnone size-medium wp-image-12442\" src=\"http:\/\/camaracristais.mg.gov.br\/wp-content\/uploads\/2024\/06\/IMG_20240605_190130_605-300x225.jpg\" alt=\"\" width=\"300\" height=\"225\" srcset=\"https:\/\/camaracristais.mg.gov.br\/wp-content\/uploads\/2024\/06\/IMG_20240605_190130_605-300x225.jpg 300w, https:\/\/camaracristais.mg.gov.br\/wp-content\/uploads\/2024\/06\/IMG_20240605_190130_605-768x576.jpg 768w, https:\/\/camaracristais.mg.gov.br\/wp-content\/uploads\/2024\/06\/IMG_20240605_190130_605-1024x768.jpg 1024w, https:\/\/camaracristais.mg.gov.br\/wp-content\/uploads\/2024\/06\/IMG_20240605_190130_605-80x60.jpg 80w, https:\/\/camaracristais.mg.gov.br\/wp-content\/uploads\/2024\/06\/IMG_20240605_190130_605-265x198.jpg 265w, https:\/\/camaracristais.mg.gov.br\/wp-content\/uploads\/2024\/06\/IMG_20240605_190130_605-696x522.jpg 696w, https:\/\/camaracristais.mg.gov.br\/wp-content\/uploads\/2024\/06\/IMG_20240605_190130_605-1068x801.jpg 1068w, https:\/\/camaracristais.mg.gov.br\/wp-content\/uploads\/2024\/06\/IMG_20240605_190130_605-560x420.jpg 560w\" sizes=\"auto, (max-width: 300px) 100vw, 300px\" \/><\/p>\n","protected":false},"excerpt":{"rendered":"<p>No dia 05 de Junho de 2024, \u00e0s 18:00, foi realizada na C\u00e2mara Municipal de Cristais uma Mo\u00e7\u00e3o de Reconhecimento para a Fanfarra Prefeito Aristeu Maia. O projeto, de autoria [&hellip;]<\/p>\n","protected":false},"author":9,"featured_media":12443,"comment_status":"open","ping_status":"open","sticky":false,"template":"","format":"standard","meta":{"footnotes":""},"categories":[461,45],"tags":[],"class_list":["post-12441","post","type-post","status-publish","format-standard","has-post-thumbnail","hentry","category-eventos","category-noticias"],"_links":{"self":[{"href":"https:\/\/camaracristais.mg.gov.br\/index.php?rest_route=\/wp\/v2\/posts\/12441","targetHints":{"allow":["GET"]}}],"collection":[{"href":"https:\/\/camaracristais.mg.gov.br\/index.php?rest_route=\/wp\/v2\/posts"}],"about":[{"href":"https:\/\/camaracristais.mg.gov.br\/index.php?rest_route=\/wp\/v2\/types\/post"}],"author":[{"embeddable":true,"href":"https:\/\/camaracristais.mg.gov.br\/index.php?rest_route=\/wp\/v2\/users\/9"}],"replies":[{"embeddable":true,"href":"https:\/\/camaracristais.mg.gov.br\/index.php?rest_route=%2Fwp%2Fv2%2Fcomments&post=12441"}],"version-history":[{"count":1,"href":"https:\/\/camaracristais.mg.gov.br\/index.php?rest_route=\/wp\/v2\/posts\/12441\/revisions"}],"predecessor-version":[{"id":12445,"href":"https:\/\/camaracristais.mg.gov.br\/index.php?rest_route=\/wp\/v2\/posts\/12441\/revisions\/12445"}],"wp:featuredmedia":[{"embeddable":true,"href":"https:\/\/camaracristais.mg.gov.br\/index.php?rest_route=\/wp\/v2\/media\/12443"}],"wp:attachment":[{"href":"https:\/\/camaracristais.mg.gov.br\/index.php?rest_route=%2Fwp%2Fv2%2Fmedia&parent=12441"}],"wp:term":[{"taxonomy":"category","embeddable":true,"href":"https:\/\/camaracristais.mg.gov.br\/index.php?rest_route=%2Fwp%2Fv2%2Fcategories&post=12441"},{"taxonomy":"post_tag","embeddable":true,"href":"https:\/\/camaracristais.mg.gov.br\/index.php?rest_route=%2Fwp%2Fv2%2Ftags&post=12441"}],"curies":[{"name":"wp","href":"https:\/\/api.w.org\/{rel}","templated":true}]}}