{"id":12408,"date":"2024-04-24T14:38:42","date_gmt":"2024-04-24T17:38:42","guid":{"rendered":"http:\/\/camaracristais.mg.gov.br\/?p=12408"},"modified":"2024-10-07T14:23:51","modified_gmt":"2024-10-07T17:23:51","slug":"mocao-de-aplausos-para-josue-lucas-couto","status":"publish","type":"post","link":"https:\/\/camaracristais.mg.gov.br\/?p=12408","title":{"rendered":"Mo\u00e7\u00e3o de Aplausos para Josu\u00e9 Lucas Couto"},"content":{"rendered":"<p>No dia 22 de Abril de 2024, \u00e0s 18:00, foi realizada na C\u00e2mara Municipal de Cristais uma Mo\u00e7\u00e3o de Aplausos para o m\u00fasico e cantor Josu\u00e9 Lucas Couto. O projeto, de autoria dos vereadores Edivaldo Rosa Reis e Marcos Ant\u00f4nio de Sousa, foi aprovado por 9 votos. Em nome da C\u00e2mara Municipal de Cristais, parabenizamos pelo talento e dedica\u00e7\u00e3o a m\u00fasica e representando \u00e0 nossa querida Cristais.<\/p>\n","protected":false},"excerpt":{"rendered":"<p>No dia 22 de Abril de 2024, \u00e0s 18:00, foi realizada na C\u00e2mara Municipal de Cristais uma Mo\u00e7\u00e3o de Aplausos para o m\u00fasico e cantor Josu\u00e9 Lucas Couto. O projeto, [&hellip;]<\/p>\n","protected":false},"author":9,"featured_media":12399,"comment_status":"open","ping_status":"open","sticky":false,"template":"","format":"standard","meta":{"footnotes":""},"categories":[461,45],"tags":[],"class_list":["post-12408","post","type-post","status-publish","format-standard","has-post-thumbnail","hentry","category-eventos","category-noticias"],"_links":{"self":[{"href":"https:\/\/camaracristais.mg.gov.br\/index.php?rest_route=\/wp\/v2\/posts\/12408","targetHints":{"allow":["GET"]}}],"collection":[{"href":"https:\/\/camaracristais.mg.gov.br\/index.php?rest_route=\/wp\/v2\/posts"}],"about":[{"href":"https:\/\/camaracristais.mg.gov.br\/index.php?rest_route=\/wp\/v2\/types\/post"}],"author":[{"embeddable":true,"href":"https:\/\/camaracristais.mg.gov.br\/index.php?rest_route=\/wp\/v2\/users\/9"}],"replies":[{"embeddable":true,"href":"https:\/\/camaracristais.mg.gov.br\/index.php?rest_route=%2Fwp%2Fv2%2Fcomments&post=12408"}],"version-history":[{"count":1,"href":"https:\/\/camaracristais.mg.gov.br\/index.php?rest_route=\/wp\/v2\/posts\/12408\/revisions"}],"predecessor-version":[{"id":12409,"href":"https:\/\/camaracristais.mg.gov.br\/index.php?rest_route=\/wp\/v2\/posts\/12408\/revisions\/12409"}],"wp:featuredmedia":[{"embeddable":true,"href":"https:\/\/camaracristais.mg.gov.br\/index.php?rest_route=\/wp\/v2\/media\/12399"}],"wp:attachment":[{"href":"https:\/\/camaracristais.mg.gov.br\/index.php?rest_route=%2Fwp%2Fv2%2Fmedia&parent=12408"}],"wp:term":[{"taxonomy":"category","embeddable":true,"href":"https:\/\/camaracristais.mg.gov.br\/index.php?rest_route=%2Fwp%2Fv2%2Fcategories&post=12408"},{"taxonomy":"post_tag","embeddable":true,"href":"https:\/\/camaracristais.mg.gov.br\/index.php?rest_route=%2Fwp%2Fv2%2Ftags&post=12408"}],"curies":[{"name":"wp","href":"https:\/\/api.w.org\/{rel}","templated":true}]}}