{"id":12204,"date":"2024-01-25T14:41:15","date_gmt":"2024-01-25T17:41:15","guid":{"rendered":"http:\/\/camaracristais.mg.gov.br\/?p=12204"},"modified":"2024-10-07T14:23:51","modified_gmt":"2024-10-07T17:23:51","slug":"solenidade-de-transmissao-e-assuncao-do-comando-da-161o-companhia-da-policia-militar","status":"publish","type":"post","link":"https:\/\/camaracristais.mg.gov.br\/?p=12204","title":{"rendered":"Solenidade de Transmiss\u00e3o e Assun\u00e7\u00e3o do Comando da 161\u00ba Companhia da Pol\u00edcia Militar"},"content":{"rendered":"<p>No dia 24 de Janeiro de 2024 \u00e0s 09:00 a Presidente da C\u00e2mara Municipal de Cristais Marilene Silva de Paula esteve presente na Solenidade de Transmiss\u00e3o e Assun\u00e7\u00e3o da Cent\u00e9sima Sexag\u00e9sima Primeira Companhia da Pol\u00edcia Militar . Na ocasi\u00e3o , acompanhou a troca do Comando do Major PM Marcos Paulo Abranches Teixeira para o Major PM Leonardo de Oliveira Barbosa.<\/p>\n<p>&nbsp;<\/p>\n<p><img loading=\"lazy\" decoding=\"async\" class=\"alignnone  wp-image-12210\" src=\"http:\/\/camaracristais.mg.gov.br\/wp-content\/uploads\/2024\/01\/WhatsApp-Image-2024-01-25-at-14.34.53-1-300x225.jpeg\" alt=\"\" width=\"400\" height=\"300\" srcset=\"https:\/\/camaracristais.mg.gov.br\/wp-content\/uploads\/2024\/01\/WhatsApp-Image-2024-01-25-at-14.34.53-1-300x225.jpeg 300w, https:\/\/camaracristais.mg.gov.br\/wp-content\/uploads\/2024\/01\/WhatsApp-Image-2024-01-25-at-14.34.53-1-768x576.jpeg 768w, https:\/\/camaracristais.mg.gov.br\/wp-content\/uploads\/2024\/01\/WhatsApp-Image-2024-01-25-at-14.34.53-1-1024x768.jpeg 1024w, https:\/\/camaracristais.mg.gov.br\/wp-content\/uploads\/2024\/01\/WhatsApp-Image-2024-01-25-at-14.34.53-1-80x60.jpeg 80w, https:\/\/camaracristais.mg.gov.br\/wp-content\/uploads\/2024\/01\/WhatsApp-Image-2024-01-25-at-14.34.53-1-265x198.jpeg 265w, https:\/\/camaracristais.mg.gov.br\/wp-content\/uploads\/2024\/01\/WhatsApp-Image-2024-01-25-at-14.34.53-1-696x522.jpeg 696w, https:\/\/camaracristais.mg.gov.br\/wp-content\/uploads\/2024\/01\/WhatsApp-Image-2024-01-25-at-14.34.53-1-1068x802.jpeg 1068w, https:\/\/camaracristais.mg.gov.br\/wp-content\/uploads\/2024\/01\/WhatsApp-Image-2024-01-25-at-14.34.53-1-560x420.jpeg 560w, https:\/\/camaracristais.mg.gov.br\/wp-content\/uploads\/2024\/01\/WhatsApp-Image-2024-01-25-at-14.34.53-1.jpeg 1599w\" sizes=\"auto, (max-width: 400px) 100vw, 400px\" \/> <img loading=\"lazy\" decoding=\"async\" class=\"alignnone size-medium wp-image-12211\" src=\"http:\/\/camaracristais.mg.gov.br\/wp-content\/uploads\/2024\/01\/WhatsApp-Image-2024-01-25-at-14.34.53-225x300.jpeg\" alt=\"\" width=\"225\" height=\"300\" srcset=\"https:\/\/camaracristais.mg.gov.br\/wp-content\/uploads\/2024\/01\/WhatsApp-Image-2024-01-25-at-14.34.53-225x300.jpeg 225w, https:\/\/camaracristais.mg.gov.br\/wp-content\/uploads\/2024\/01\/WhatsApp-Image-2024-01-25-at-14.34.53-768x1024.jpeg 768w, https:\/\/camaracristais.mg.gov.br\/wp-content\/uploads\/2024\/01\/WhatsApp-Image-2024-01-25-at-14.34.53-696x928.jpeg 696w, https:\/\/camaracristais.mg.gov.br\/wp-content\/uploads\/2024\/01\/WhatsApp-Image-2024-01-25-at-14.34.53-1068x1424.jpeg 1068w, https:\/\/camaracristais.mg.gov.br\/wp-content\/uploads\/2024\/01\/WhatsApp-Image-2024-01-25-at-14.34.53-315x420.jpeg 315w, https:\/\/camaracristais.mg.gov.br\/wp-content\/uploads\/2024\/01\/WhatsApp-Image-2024-01-25-at-14.34.53.jpeg 1200w\" sizes=\"auto, (max-width: 225px) 100vw, 225px\" \/><\/p>\n","protected":false},"excerpt":{"rendered":"<p>No dia 24 de Janeiro de 2024 \u00e0s 09:00 a Presidente da C\u00e2mara Municipal de Cristais Marilene Silva de Paula esteve presente na Solenidade de Transmiss\u00e3o e Assun\u00e7\u00e3o da Cent\u00e9sima [&hellip;]<\/p>\n","protected":false},"author":9,"featured_media":12210,"comment_status":"open","ping_status":"open","sticky":false,"template":"","format":"standard","meta":{"footnotes":""},"categories":[45],"tags":[],"class_list":["post-12204","post","type-post","status-publish","format-standard","has-post-thumbnail","hentry","category-noticias"],"_links":{"self":[{"href":"https:\/\/camaracristais.mg.gov.br\/index.php?rest_route=\/wp\/v2\/posts\/12204","targetHints":{"allow":["GET"]}}],"collection":[{"href":"https:\/\/camaracristais.mg.gov.br\/index.php?rest_route=\/wp\/v2\/posts"}],"about":[{"href":"https:\/\/camaracristais.mg.gov.br\/index.php?rest_route=\/wp\/v2\/types\/post"}],"author":[{"embeddable":true,"href":"https:\/\/camaracristais.mg.gov.br\/index.php?rest_route=\/wp\/v2\/users\/9"}],"replies":[{"embeddable":true,"href":"https:\/\/camaracristais.mg.gov.br\/index.php?rest_route=%2Fwp%2Fv2%2Fcomments&post=12204"}],"version-history":[{"count":1,"href":"https:\/\/camaracristais.mg.gov.br\/index.php?rest_route=\/wp\/v2\/posts\/12204\/revisions"}],"predecessor-version":[{"id":12212,"href":"https:\/\/camaracristais.mg.gov.br\/index.php?rest_route=\/wp\/v2\/posts\/12204\/revisions\/12212"}],"wp:featuredmedia":[{"embeddable":true,"href":"https:\/\/camaracristais.mg.gov.br\/index.php?rest_route=\/wp\/v2\/media\/12210"}],"wp:attachment":[{"href":"https:\/\/camaracristais.mg.gov.br\/index.php?rest_route=%2Fwp%2Fv2%2Fmedia&parent=12204"}],"wp:term":[{"taxonomy":"category","embeddable":true,"href":"https:\/\/camaracristais.mg.gov.br\/index.php?rest_route=%2Fwp%2Fv2%2Fcategories&post=12204"},{"taxonomy":"post_tag","embeddable":true,"href":"https:\/\/camaracristais.mg.gov.br\/index.php?rest_route=%2Fwp%2Fv2%2Ftags&post=12204"}],"curies":[{"name":"wp","href":"https:\/\/api.w.org\/{rel}","templated":true}]}}