{"id":12146,"date":"2023-12-14T09:21:55","date_gmt":"2023-12-14T12:21:55","guid":{"rendered":"http:\/\/camaracristais.mg.gov.br\/?p=12146"},"modified":"2024-10-07T14:23:51","modified_gmt":"2024-10-07T17:23:51","slug":"vereadores-participam-das-formaturas-das-escolas-municipais-de-cristais-mg","status":"publish","type":"post","link":"https:\/\/camaracristais.mg.gov.br\/?p=12146","title":{"rendered":"Vereadores participam das formaturas das Escolas Municipais de Cristais\/MG"},"content":{"rendered":"<div class=\"xdj266r x11i5rnm xat24cr x1mh8g0r x1vvkbs x126k92a\">\n<div dir=\"auto\">O Presidente Edivaldo juntamente com os vereadores Jefferson Azara, Jo\u00e3o Batista de Almeida, Marcos Ant\u00f4nio, Marcos Bas\u00edlio Neves, Claedmar Maia, Deisilene Martins, Marilene Silva de Paula e Roselene da Silva estiveram presentes na formatura das Escolas Municipais do Municipio.<\/div>\n<div dir=\"auto\"><\/div>\n<\/div>\n<div class=\"x11i5rnm xat24cr x1mh8g0r x1vvkbs xtlvy1s x126k92a\">\n<div dir=\"auto\">Na ocasi\u00e3o, os vereadores acompanharem a entrega de certificados e apresenta\u00e7\u00f5es dos alunos da nossa comunidade rural.<\/div>\n<div dir=\"auto\"><\/div>\n<\/div>\n<div class=\"x11i5rnm xat24cr x1mh8g0r x1vvkbs xtlvy1s x126k92a\">\n<div dir=\"auto\">O Presidente e os demais vereadores parabenizam as diretoras e todos os professores da rede municipal de ensino pelas lindas formaturas.<\/div>\n<\/div>\n<div dir=\"auto\"><img loading=\"lazy\" decoding=\"async\" class=\"alignnone size-medium wp-image-12147\" src=\"http:\/\/camaracristais.mg.gov.br\/wp-content\/uploads\/2023\/12\/409591133_17915818700835941_8730538569281017934_n-300x226.jpg\" alt=\"\" width=\"300\" height=\"226\" srcset=\"https:\/\/camaracristais.mg.gov.br\/wp-content\/uploads\/2023\/12\/409591133_17915818700835941_8730538569281017934_n-300x226.jpg 300w, https:\/\/camaracristais.mg.gov.br\/wp-content\/uploads\/2023\/12\/409591133_17915818700835941_8730538569281017934_n-768x579.jpg 768w, https:\/\/camaracristais.mg.gov.br\/wp-content\/uploads\/2023\/12\/409591133_17915818700835941_8730538569281017934_n-1024x772.jpg 1024w, https:\/\/camaracristais.mg.gov.br\/wp-content\/uploads\/2023\/12\/409591133_17915818700835941_8730538569281017934_n-80x60.jpg 80w, https:\/\/camaracristais.mg.gov.br\/wp-content\/uploads\/2023\/12\/409591133_17915818700835941_8730538569281017934_n-696x524.jpg 696w, https:\/\/camaracristais.mg.gov.br\/wp-content\/uploads\/2023\/12\/409591133_17915818700835941_8730538569281017934_n-1068x805.jpg 1068w, https:\/\/camaracristais.mg.gov.br\/wp-content\/uploads\/2023\/12\/409591133_17915818700835941_8730538569281017934_n-557x420.jpg 557w, https:\/\/camaracristais.mg.gov.br\/wp-content\/uploads\/2023\/12\/409591133_17915818700835941_8730538569281017934_n.jpg 1440w\" sizes=\"auto, (max-width: 300px) 100vw, 300px\" \/><img loading=\"lazy\" decoding=\"async\" class=\"alignnone size-medium wp-image-12148\" src=\"http:\/\/camaracristais.mg.gov.br\/wp-content\/uploads\/2023\/12\/410791568_17915895485835941_1887788193968387177_n-300x225.jpg\" alt=\"\" width=\"300\" height=\"225\" srcset=\"https:\/\/camaracristais.mg.gov.br\/wp-content\/uploads\/2023\/12\/410791568_17915895485835941_1887788193968387177_n-300x225.jpg 300w, https:\/\/camaracristais.mg.gov.br\/wp-content\/uploads\/2023\/12\/410791568_17915895485835941_1887788193968387177_n-768x576.jpg 768w, https:\/\/camaracristais.mg.gov.br\/wp-content\/uploads\/2023\/12\/410791568_17915895485835941_1887788193968387177_n-1024x768.jpg 1024w, https:\/\/camaracristais.mg.gov.br\/wp-content\/uploads\/2023\/12\/410791568_17915895485835941_1887788193968387177_n-80x60.jpg 80w, https:\/\/camaracristais.mg.gov.br\/wp-content\/uploads\/2023\/12\/410791568_17915895485835941_1887788193968387177_n-265x198.jpg 265w, https:\/\/camaracristais.mg.gov.br\/wp-content\/uploads\/2023\/12\/410791568_17915895485835941_1887788193968387177_n-696x522.jpg 696w, https:\/\/camaracristais.mg.gov.br\/wp-content\/uploads\/2023\/12\/410791568_17915895485835941_1887788193968387177_n-1068x801.jpg 1068w, https:\/\/camaracristais.mg.gov.br\/wp-content\/uploads\/2023\/12\/410791568_17915895485835941_1887788193968387177_n-560x420.jpg 560w, https:\/\/camaracristais.mg.gov.br\/wp-content\/uploads\/2023\/12\/410791568_17915895485835941_1887788193968387177_n.jpg 1440w\" sizes=\"auto, (max-width: 300px) 100vw, 300px\" \/><img loading=\"lazy\" decoding=\"async\" class=\"alignnone size-medium wp-image-12149\" src=\"http:\/\/camaracristais.mg.gov.br\/wp-content\/uploads\/2023\/12\/410842317_17915895521835941_2978033516321356001_n-300x225.jpg\" alt=\"\" width=\"300\" height=\"225\" srcset=\"https:\/\/camaracristais.mg.gov.br\/wp-content\/uploads\/2023\/12\/410842317_17915895521835941_2978033516321356001_n-300x225.jpg 300w, https:\/\/camaracristais.mg.gov.br\/wp-content\/uploads\/2023\/12\/410842317_17915895521835941_2978033516321356001_n-768x576.jpg 768w, https:\/\/camaracristais.mg.gov.br\/wp-content\/uploads\/2023\/12\/410842317_17915895521835941_2978033516321356001_n-1024x768.jpg 1024w, https:\/\/camaracristais.mg.gov.br\/wp-content\/uploads\/2023\/12\/410842317_17915895521835941_2978033516321356001_n-80x60.jpg 80w, https:\/\/camaracristais.mg.gov.br\/wp-content\/uploads\/2023\/12\/410842317_17915895521835941_2978033516321356001_n-265x198.jpg 265w, https:\/\/camaracristais.mg.gov.br\/wp-content\/uploads\/2023\/12\/410842317_17915895521835941_2978033516321356001_n-696x522.jpg 696w, https:\/\/camaracristais.mg.gov.br\/wp-content\/uploads\/2023\/12\/410842317_17915895521835941_2978033516321356001_n-1068x801.jpg 1068w, https:\/\/camaracristais.mg.gov.br\/wp-content\/uploads\/2023\/12\/410842317_17915895521835941_2978033516321356001_n-560x420.jpg 560w, https:\/\/camaracristais.mg.gov.br\/wp-content\/uploads\/2023\/12\/410842317_17915895521835941_2978033516321356001_n.jpg 1440w\" sizes=\"auto, (max-width: 300px) 100vw, 300px\" \/><img loading=\"lazy\" decoding=\"async\" class=\"alignnone size-medium wp-image-12150\" src=\"http:\/\/camaracristais.mg.gov.br\/wp-content\/uploads\/2023\/12\/410821703_17915895539835941_7402152558263202994_n-300x225.jpg\" alt=\"\" width=\"300\" height=\"225\" srcset=\"https:\/\/camaracristais.mg.gov.br\/wp-content\/uploads\/2023\/12\/410821703_17915895539835941_7402152558263202994_n-300x225.jpg 300w, https:\/\/camaracristais.mg.gov.br\/wp-content\/uploads\/2023\/12\/410821703_17915895539835941_7402152558263202994_n-768x576.jpg 768w, https:\/\/camaracristais.mg.gov.br\/wp-content\/uploads\/2023\/12\/410821703_17915895539835941_7402152558263202994_n-1024x768.jpg 1024w, https:\/\/camaracristais.mg.gov.br\/wp-content\/uploads\/2023\/12\/410821703_17915895539835941_7402152558263202994_n-80x60.jpg 80w, https:\/\/camaracristais.mg.gov.br\/wp-content\/uploads\/2023\/12\/410821703_17915895539835941_7402152558263202994_n-265x198.jpg 265w, https:\/\/camaracristais.mg.gov.br\/wp-content\/uploads\/2023\/12\/410821703_17915895539835941_7402152558263202994_n-696x522.jpg 696w, https:\/\/camaracristais.mg.gov.br\/wp-content\/uploads\/2023\/12\/410821703_17915895539835941_7402152558263202994_n-1068x801.jpg 1068w, https:\/\/camaracristais.mg.gov.br\/wp-content\/uploads\/2023\/12\/410821703_17915895539835941_7402152558263202994_n-560x420.jpg 560w, https:\/\/camaracristais.mg.gov.br\/wp-content\/uploads\/2023\/12\/410821703_17915895539835941_7402152558263202994_n.jpg 1440w\" sizes=\"auto, (max-width: 300px) 100vw, 300px\" \/><\/div>\n","protected":false},"excerpt":{"rendered":"<p>O Presidente Edivaldo juntamente com os vereadores Jefferson Azara, Jo\u00e3o Batista de Almeida, Marcos Ant\u00f4nio, Marcos Bas\u00edlio Neves, Claedmar Maia, Deisilene Martins, Marilene Silva de Paula e Roselene da Silva [&hellip;]<\/p>\n","protected":false},"author":9,"featured_media":12148,"comment_status":"open","ping_status":"open","sticky":false,"template":"","format":"standard","meta":{"footnotes":""},"categories":[461,243,45],"tags":[],"class_list":["post-12146","post","type-post","status-publish","format-standard","has-post-thumbnail","hentry","category-eventos","category-galeria-de-fotos","category-noticias"],"_links":{"self":[{"href":"https:\/\/camaracristais.mg.gov.br\/index.php?rest_route=\/wp\/v2\/posts\/12146","targetHints":{"allow":["GET"]}}],"collection":[{"href":"https:\/\/camaracristais.mg.gov.br\/index.php?rest_route=\/wp\/v2\/posts"}],"about":[{"href":"https:\/\/camaracristais.mg.gov.br\/index.php?rest_route=\/wp\/v2\/types\/post"}],"author":[{"embeddable":true,"href":"https:\/\/camaracristais.mg.gov.br\/index.php?rest_route=\/wp\/v2\/users\/9"}],"replies":[{"embeddable":true,"href":"https:\/\/camaracristais.mg.gov.br\/index.php?rest_route=%2Fwp%2Fv2%2Fcomments&post=12146"}],"version-history":[{"count":1,"href":"https:\/\/camaracristais.mg.gov.br\/index.php?rest_route=\/wp\/v2\/posts\/12146\/revisions"}],"predecessor-version":[{"id":12152,"href":"https:\/\/camaracristais.mg.gov.br\/index.php?rest_route=\/wp\/v2\/posts\/12146\/revisions\/12152"}],"wp:featuredmedia":[{"embeddable":true,"href":"https:\/\/camaracristais.mg.gov.br\/index.php?rest_route=\/wp\/v2\/media\/12148"}],"wp:attachment":[{"href":"https:\/\/camaracristais.mg.gov.br\/index.php?rest_route=%2Fwp%2Fv2%2Fmedia&parent=12146"}],"wp:term":[{"taxonomy":"category","embeddable":true,"href":"https:\/\/camaracristais.mg.gov.br\/index.php?rest_route=%2Fwp%2Fv2%2Fcategories&post=12146"},{"taxonomy":"post_tag","embeddable":true,"href":"https:\/\/camaracristais.mg.gov.br\/index.php?rest_route=%2Fwp%2Fv2%2Ftags&post=12146"}],"curies":[{"name":"wp","href":"https:\/\/api.w.org\/{rel}","templated":true}]}}