{"id":12129,"date":"2023-11-24T10:33:17","date_gmt":"2023-11-24T13:33:17","guid":{"rendered":"http:\/\/camaracristais.mg.gov.br\/?p=12129"},"modified":"2024-10-07T14:23:51","modified_gmt":"2024-10-07T17:23:51","slug":"vice-presidente-deisilene-martins-e-vereadores-prestigiaram-o-1-miss-mister-beleza-negra-de-cristais-mg","status":"publish","type":"post","link":"https:\/\/camaracristais.mg.gov.br\/?p=12129","title":{"rendered":"Vice-Presidente Deisilene Martins e vereadores prestigiaram o 1\u00b0 Miss\/Mister Beleza Negra de Cristais\/MG"},"content":{"rendered":"<div class=\"xdj266r x11i5rnm xat24cr x1mh8g0r x1vvkbs x126k92a\">\n<div dir=\"auto\">No dia 24\/11, a Vice-Presidente Deisilene Martins, acompanhada dos vereadores Jefferson \u00c0zara Cardoso, Marilene Silva de Paula, Marcos Bas\u00edlio Neves e Roselene da Silva, prestigiaram o 1\u00b0 Miss\/Mister Beleza Negra &#8211; Projeto olhar para o futuro, realizado pela Prefeitura em parceria com a Assist\u00eancia Social.<\/div>\n<\/div>\n<div class=\"x11i5rnm xat24cr x1mh8g0r x1vvkbs xtlvy1s x126k92a\">\n<div dir=\"auto\">O evento visou promover a diversidade e inclus\u00e3o da comunidade local, contando com desfile dos jovens do munic\u00edpio.<\/div>\n<div dir=\"auto\"><\/div>\n<\/div>\n<div dir=\"auto\">A C\u00e2mara Municipal, em nome do Presidente e de todos os vereadores, parabeniza a Prefeitura e a Assist\u00eancia Social pela realiza\u00e7\u00e3o desse lindo evento e espera poder participar novamente em futuras edi\u00e7\u00f5es, considerando sua import\u00e2ncia indiscut\u00edvel para a nossa sociedade.<\/div>\n<div class=\"x11i5rnm xat24cr x1mh8g0r x1vvkbs xtlvy1s x126k92a\">\n<div dir=\"auto\"><img loading=\"lazy\" decoding=\"async\" class=\"alignnone size-medium wp-image-12130\" src=\"http:\/\/camaracristais.mg.gov.br\/wp-content\/uploads\/2023\/11\/405297535_17913886397835941_7723328974407541636_n-300x300.jpg\" alt=\"\" width=\"300\" height=\"300\" srcset=\"https:\/\/camaracristais.mg.gov.br\/wp-content\/uploads\/2023\/11\/405297535_17913886397835941_7723328974407541636_n-300x300.jpg 300w, https:\/\/camaracristais.mg.gov.br\/wp-content\/uploads\/2023\/11\/405297535_17913886397835941_7723328974407541636_n-150x150.jpg 150w, https:\/\/camaracristais.mg.gov.br\/wp-content\/uploads\/2023\/11\/405297535_17913886397835941_7723328974407541636_n-768x768.jpg 768w, https:\/\/camaracristais.mg.gov.br\/wp-content\/uploads\/2023\/11\/405297535_17913886397835941_7723328974407541636_n-1024x1024.jpg 1024w, https:\/\/camaracristais.mg.gov.br\/wp-content\/uploads\/2023\/11\/405297535_17913886397835941_7723328974407541636_n-696x696.jpg 696w, https:\/\/camaracristais.mg.gov.br\/wp-content\/uploads\/2023\/11\/405297535_17913886397835941_7723328974407541636_n-1068x1068.jpg 1068w, https:\/\/camaracristais.mg.gov.br\/wp-content\/uploads\/2023\/11\/405297535_17913886397835941_7723328974407541636_n-420x420.jpg 420w, https:\/\/camaracristais.mg.gov.br\/wp-content\/uploads\/2023\/11\/405297535_17913886397835941_7723328974407541636_n.jpg 1080w\" sizes=\"auto, (max-width: 300px) 100vw, 300px\" \/> <img loading=\"lazy\" decoding=\"async\" class=\"alignnone size-medium wp-image-12131\" src=\"http:\/\/camaracristais.mg.gov.br\/wp-content\/uploads\/2023\/11\/405272065_17913886406835941_8005878264691830871_n-300x300.jpg\" alt=\"\" width=\"300\" height=\"300\" srcset=\"https:\/\/camaracristais.mg.gov.br\/wp-content\/uploads\/2023\/11\/405272065_17913886406835941_8005878264691830871_n-300x300.jpg 300w, https:\/\/camaracristais.mg.gov.br\/wp-content\/uploads\/2023\/11\/405272065_17913886406835941_8005878264691830871_n-150x150.jpg 150w, https:\/\/camaracristais.mg.gov.br\/wp-content\/uploads\/2023\/11\/405272065_17913886406835941_8005878264691830871_n-768x768.jpg 768w, https:\/\/camaracristais.mg.gov.br\/wp-content\/uploads\/2023\/11\/405272065_17913886406835941_8005878264691830871_n-1024x1024.jpg 1024w, https:\/\/camaracristais.mg.gov.br\/wp-content\/uploads\/2023\/11\/405272065_17913886406835941_8005878264691830871_n-696x696.jpg 696w, https:\/\/camaracristais.mg.gov.br\/wp-content\/uploads\/2023\/11\/405272065_17913886406835941_8005878264691830871_n-1068x1068.jpg 1068w, https:\/\/camaracristais.mg.gov.br\/wp-content\/uploads\/2023\/11\/405272065_17913886406835941_8005878264691830871_n-420x420.jpg 420w, https:\/\/camaracristais.mg.gov.br\/wp-content\/uploads\/2023\/11\/405272065_17913886406835941_8005878264691830871_n.jpg 1440w\" sizes=\"auto, (max-width: 300px) 100vw, 300px\" \/><\/div>\n<\/div>\n<div class=\"x11i5rnm xat24cr x1mh8g0r x1vvkbs xtlvy1s x126k92a\">\n<div dir=\"auto\"><\/div>\n<\/div>\n","protected":false},"excerpt":{"rendered":"<p>No dia 24\/11, a Vice-Presidente Deisilene Martins, acompanhada dos vereadores Jefferson \u00c0zara Cardoso, Marilene Silva de Paula, Marcos Bas\u00edlio Neves e Roselene da Silva, prestigiaram o 1\u00b0 Miss\/Mister Beleza Negra [&hellip;]<\/p>\n","protected":false},"author":9,"featured_media":12130,"comment_status":"open","ping_status":"open","sticky":false,"template":"","format":"standard","meta":{"footnotes":""},"categories":[461,243,407,406,45],"tags":[],"class_list":["post-12129","post","type-post","status-publish","format-standard","has-post-thumbnail","hentry","category-eventos","category-galeria-de-fotos","category-galeria-de-fotos-midia","category-midia","category-noticias"],"_links":{"self":[{"href":"https:\/\/camaracristais.mg.gov.br\/index.php?rest_route=\/wp\/v2\/posts\/12129","targetHints":{"allow":["GET"]}}],"collection":[{"href":"https:\/\/camaracristais.mg.gov.br\/index.php?rest_route=\/wp\/v2\/posts"}],"about":[{"href":"https:\/\/camaracristais.mg.gov.br\/index.php?rest_route=\/wp\/v2\/types\/post"}],"author":[{"embeddable":true,"href":"https:\/\/camaracristais.mg.gov.br\/index.php?rest_route=\/wp\/v2\/users\/9"}],"replies":[{"embeddable":true,"href":"https:\/\/camaracristais.mg.gov.br\/index.php?rest_route=%2Fwp%2Fv2%2Fcomments&post=12129"}],"version-history":[{"count":1,"href":"https:\/\/camaracristais.mg.gov.br\/index.php?rest_route=\/wp\/v2\/posts\/12129\/revisions"}],"predecessor-version":[{"id":12132,"href":"https:\/\/camaracristais.mg.gov.br\/index.php?rest_route=\/wp\/v2\/posts\/12129\/revisions\/12132"}],"wp:featuredmedia":[{"embeddable":true,"href":"https:\/\/camaracristais.mg.gov.br\/index.php?rest_route=\/wp\/v2\/media\/12130"}],"wp:attachment":[{"href":"https:\/\/camaracristais.mg.gov.br\/index.php?rest_route=%2Fwp%2Fv2%2Fmedia&parent=12129"}],"wp:term":[{"taxonomy":"category","embeddable":true,"href":"https:\/\/camaracristais.mg.gov.br\/index.php?rest_route=%2Fwp%2Fv2%2Fcategories&post=12129"},{"taxonomy":"post_tag","embeddable":true,"href":"https:\/\/camaracristais.mg.gov.br\/index.php?rest_route=%2Fwp%2Fv2%2Ftags&post=12129"}],"curies":[{"name":"wp","href":"https:\/\/api.w.org\/{rel}","templated":true}]}}