{"id":12126,"date":"2023-11-22T10:31:24","date_gmt":"2023-11-22T13:31:24","guid":{"rendered":"http:\/\/camaracristais.mg.gov.br\/?p=12126"},"modified":"2024-10-07T14:23:51","modified_gmt":"2024-10-07T17:23:51","slug":"vereadores-participam-da-entrega-dos-titulos-de-propriedade-do-reurb","status":"publish","type":"post","link":"https:\/\/camaracristais.mg.gov.br\/?p=12126","title":{"rendered":"Vereadores participam da entrega dos T\u00edtulos de Propriedade do REURB."},"content":{"rendered":"<p>A Vice-Presidente Deisilene Martins, juntamente com as vereadoras Marilene Silva de Paula e Roselene da Silva, participaram na \u00faltima Quarta-Feira, dia 22\/11, da entrega dos T\u00edtulos de Propriedade (Escrituras) aos benefici\u00e1rios do Bairro Serra, os quais foram conquistados atrav\u00e9s do Projeto de Regulariza\u00e7\u00e3o Fundi\u00e1ria Urbana &#8211; REURB.<\/p>\n<p><img loading=\"lazy\" decoding=\"async\" class=\"alignnone size-medium wp-image-12127\" src=\"http:\/\/camaracristais.mg.gov.br\/wp-content\/uploads\/2023\/11\/405687041_17913684647835941_2561776309178527312_n-300x179.jpg\" alt=\"\" width=\"300\" height=\"179\" srcset=\"https:\/\/camaracristais.mg.gov.br\/wp-content\/uploads\/2023\/11\/405687041_17913684647835941_2561776309178527312_n-300x179.jpg 300w, https:\/\/camaracristais.mg.gov.br\/wp-content\/uploads\/2023\/11\/405687041_17913684647835941_2561776309178527312_n-768x458.jpg 768w, https:\/\/camaracristais.mg.gov.br\/wp-content\/uploads\/2023\/11\/405687041_17913684647835941_2561776309178527312_n-1024x610.jpg 1024w, https:\/\/camaracristais.mg.gov.br\/wp-content\/uploads\/2023\/11\/405687041_17913684647835941_2561776309178527312_n-696x415.jpg 696w, https:\/\/camaracristais.mg.gov.br\/wp-content\/uploads\/2023\/11\/405687041_17913684647835941_2561776309178527312_n-1068x636.jpg 1068w, https:\/\/camaracristais.mg.gov.br\/wp-content\/uploads\/2023\/11\/405687041_17913684647835941_2561776309178527312_n-705x420.jpg 705w, https:\/\/camaracristais.mg.gov.br\/wp-content\/uploads\/2023\/11\/405687041_17913684647835941_2561776309178527312_n.jpg 1074w\" sizes=\"auto, (max-width: 300px) 100vw, 300px\" \/><\/p>\n","protected":false},"excerpt":{"rendered":"<p>A Vice-Presidente Deisilene Martins, juntamente com as vereadoras Marilene Silva de Paula e Roselene da Silva, participaram na \u00faltima Quarta-Feira, dia 22\/11, da entrega dos T\u00edtulos de Propriedade (Escrituras) aos [&hellip;]<\/p>\n","protected":false},"author":9,"featured_media":12127,"comment_status":"open","ping_status":"open","sticky":false,"template":"","format":"standard","meta":{"footnotes":""},"categories":[461,243,407,406,45],"tags":[],"class_list":["post-12126","post","type-post","status-publish","format-standard","has-post-thumbnail","hentry","category-eventos","category-galeria-de-fotos","category-galeria-de-fotos-midia","category-midia","category-noticias"],"_links":{"self":[{"href":"https:\/\/camaracristais.mg.gov.br\/index.php?rest_route=\/wp\/v2\/posts\/12126","targetHints":{"allow":["GET"]}}],"collection":[{"href":"https:\/\/camaracristais.mg.gov.br\/index.php?rest_route=\/wp\/v2\/posts"}],"about":[{"href":"https:\/\/camaracristais.mg.gov.br\/index.php?rest_route=\/wp\/v2\/types\/post"}],"author":[{"embeddable":true,"href":"https:\/\/camaracristais.mg.gov.br\/index.php?rest_route=\/wp\/v2\/users\/9"}],"replies":[{"embeddable":true,"href":"https:\/\/camaracristais.mg.gov.br\/index.php?rest_route=%2Fwp%2Fv2%2Fcomments&post=12126"}],"version-history":[{"count":1,"href":"https:\/\/camaracristais.mg.gov.br\/index.php?rest_route=\/wp\/v2\/posts\/12126\/revisions"}],"predecessor-version":[{"id":12128,"href":"https:\/\/camaracristais.mg.gov.br\/index.php?rest_route=\/wp\/v2\/posts\/12126\/revisions\/12128"}],"wp:featuredmedia":[{"embeddable":true,"href":"https:\/\/camaracristais.mg.gov.br\/index.php?rest_route=\/wp\/v2\/media\/12127"}],"wp:attachment":[{"href":"https:\/\/camaracristais.mg.gov.br\/index.php?rest_route=%2Fwp%2Fv2%2Fmedia&parent=12126"}],"wp:term":[{"taxonomy":"category","embeddable":true,"href":"https:\/\/camaracristais.mg.gov.br\/index.php?rest_route=%2Fwp%2Fv2%2Fcategories&post=12126"},{"taxonomy":"post_tag","embeddable":true,"href":"https:\/\/camaracristais.mg.gov.br\/index.php?rest_route=%2Fwp%2Fv2%2Ftags&post=12126"}],"curies":[{"name":"wp","href":"https:\/\/api.w.org\/{rel}","templated":true}]}}