{"id":11928,"date":"2023-09-06T13:59:21","date_gmt":"2023-09-06T16:59:21","guid":{"rendered":"http:\/\/camaracristais.mg.gov.br\/?p=11928"},"modified":"2024-10-07T14:23:52","modified_gmt":"2024-10-07T17:23:52","slug":"2a-audiencia-publica-de-2023-2","status":"publish","type":"post","link":"https:\/\/camaracristais.mg.gov.br\/?p=11928","title":{"rendered":"Audi\u00eancia P\u00fablica"},"content":{"rendered":"<div><\/div>\n<div>\n<div>\n<p>Audi\u00eancia P\u00fablica<\/p>\n<p>Assunto: Presta\u00e7\u00e3o de Contas do Segundo Quadrimestre de 2023.<\/p>\n<p>O Presidente da C\u00e2mara Municipal, Edivaldo Rosa Reis, em conjunto com a Prefeitura Municipal de Cristais, convidam toda a popula\u00e7\u00e3o cristalense para a Audi\u00eancia P\u00fablica, que ser\u00e1 realizada no Plen\u00e1rio Silvio da Silva Reis, na C\u00e2mara Municipal, no dia 29\/09\/2023 \u00e0s 10h.<\/p>\n<\/div>\n<\/div>\n","protected":false},"excerpt":{"rendered":"<p>Audi\u00eancia P\u00fablica Assunto: Presta\u00e7\u00e3o de Contas do Segundo Quadrimestre de 2023. O Presidente da C\u00e2mara Municipal, Edivaldo Rosa Reis, em conjunto com a Prefeitura Municipal de Cristais, convidam toda a [&hellip;]<\/p>\n","protected":false},"author":9,"featured_media":11929,"comment_status":"open","ping_status":"open","sticky":false,"template":"","format":"standard","meta":{"footnotes":""},"categories":[461,45,49],"tags":[],"class_list":["post-11928","post","type-post","status-publish","format-standard","has-post-thumbnail","hentry","category-eventos","category-noticias","category-publicacoes"],"_links":{"self":[{"href":"https:\/\/camaracristais.mg.gov.br\/index.php?rest_route=\/wp\/v2\/posts\/11928","targetHints":{"allow":["GET"]}}],"collection":[{"href":"https:\/\/camaracristais.mg.gov.br\/index.php?rest_route=\/wp\/v2\/posts"}],"about":[{"href":"https:\/\/camaracristais.mg.gov.br\/index.php?rest_route=\/wp\/v2\/types\/post"}],"author":[{"embeddable":true,"href":"https:\/\/camaracristais.mg.gov.br\/index.php?rest_route=\/wp\/v2\/users\/9"}],"replies":[{"embeddable":true,"href":"https:\/\/camaracristais.mg.gov.br\/index.php?rest_route=%2Fwp%2Fv2%2Fcomments&post=11928"}],"version-history":[{"count":4,"href":"https:\/\/camaracristais.mg.gov.br\/index.php?rest_route=\/wp\/v2\/posts\/11928\/revisions"}],"predecessor-version":[{"id":11970,"href":"https:\/\/camaracristais.mg.gov.br\/index.php?rest_route=\/wp\/v2\/posts\/11928\/revisions\/11970"}],"wp:featuredmedia":[{"embeddable":true,"href":"https:\/\/camaracristais.mg.gov.br\/index.php?rest_route=\/wp\/v2\/media\/11929"}],"wp:attachment":[{"href":"https:\/\/camaracristais.mg.gov.br\/index.php?rest_route=%2Fwp%2Fv2%2Fmedia&parent=11928"}],"wp:term":[{"taxonomy":"category","embeddable":true,"href":"https:\/\/camaracristais.mg.gov.br\/index.php?rest_route=%2Fwp%2Fv2%2Fcategories&post=11928"},{"taxonomy":"post_tag","embeddable":true,"href":"https:\/\/camaracristais.mg.gov.br\/index.php?rest_route=%2Fwp%2Fv2%2Ftags&post=11928"}],"curies":[{"name":"wp","href":"https:\/\/api.w.org\/{rel}","templated":true}]}}