{"id":11922,"date":"2023-09-05T13:55:32","date_gmt":"2023-09-05T16:55:32","guid":{"rendered":"http:\/\/camaracristais.mg.gov.br\/?p=11922"},"modified":"2024-10-07T14:23:52","modified_gmt":"2024-10-07T17:23:52","slug":"vereadores-participam-de-palestra-sobre-o-icms-cultural","status":"publish","type":"post","link":"https:\/\/camaracristais.mg.gov.br\/?p=11922","title":{"rendered":"Vereadores participam de Palestra sobre o ICMS Cultural"},"content":{"rendered":"<p>Na Segunda-Feira, 04 de Setembro, os vereadores participaram de uma palestra que tratou de assuntos relacionados a import\u00e2ncia do Patrim\u00f4nio Cultural e seu papel no programa ICMS.<\/p>\n<p>Durante a palestra, foi falado sobre a preserva\u00e7\u00e3o, prote\u00e7\u00e3o e promo\u00e7\u00e3o de nossa heran\u00e7a cultural, enfatizando a sua import\u00e2ncia no desenvolvimento de nossa comunidade.<\/p>\n<p><img loading=\"lazy\" decoding=\"async\" class=\"alignnone size-medium wp-image-11925\" src=\"http:\/\/camaracristais.mg.gov.br\/wp-content\/uploads\/2023\/09\/375756786_264619393052407_4577445173412793779_n-300x300.jpg\" alt=\"\" width=\"300\" height=\"300\" srcset=\"https:\/\/camaracristais.mg.gov.br\/wp-content\/uploads\/2023\/09\/375756786_264619393052407_4577445173412793779_n-300x300.jpg 300w, https:\/\/camaracristais.mg.gov.br\/wp-content\/uploads\/2023\/09\/375756786_264619393052407_4577445173412793779_n-150x150.jpg 150w, https:\/\/camaracristais.mg.gov.br\/wp-content\/uploads\/2023\/09\/375756786_264619393052407_4577445173412793779_n-768x768.jpg 768w, https:\/\/camaracristais.mg.gov.br\/wp-content\/uploads\/2023\/09\/375756786_264619393052407_4577445173412793779_n-1024x1024.jpg 1024w, https:\/\/camaracristais.mg.gov.br\/wp-content\/uploads\/2023\/09\/375756786_264619393052407_4577445173412793779_n-696x696.jpg 696w, https:\/\/camaracristais.mg.gov.br\/wp-content\/uploads\/2023\/09\/375756786_264619393052407_4577445173412793779_n-1068x1068.jpg 1068w, https:\/\/camaracristais.mg.gov.br\/wp-content\/uploads\/2023\/09\/375756786_264619393052407_4577445173412793779_n-420x420.jpg 420w, https:\/\/camaracristais.mg.gov.br\/wp-content\/uploads\/2023\/09\/375756786_264619393052407_4577445173412793779_n.jpg 1170w\" sizes=\"auto, (max-width: 300px) 100vw, 300px\" \/><img loading=\"lazy\" decoding=\"async\" class=\"alignnone size-medium wp-image-11923\" src=\"http:\/\/camaracristais.mg.gov.br\/wp-content\/uploads\/2023\/09\/375747663_264619396385740_799161287808330600_n-300x300.jpg\" alt=\"\" width=\"300\" height=\"300\" srcset=\"https:\/\/camaracristais.mg.gov.br\/wp-content\/uploads\/2023\/09\/375747663_264619396385740_799161287808330600_n-300x300.jpg 300w, https:\/\/camaracristais.mg.gov.br\/wp-content\/uploads\/2023\/09\/375747663_264619396385740_799161287808330600_n-150x150.jpg 150w, https:\/\/camaracristais.mg.gov.br\/wp-content\/uploads\/2023\/09\/375747663_264619396385740_799161287808330600_n-768x768.jpg 768w, https:\/\/camaracristais.mg.gov.br\/wp-content\/uploads\/2023\/09\/375747663_264619396385740_799161287808330600_n-1024x1024.jpg 1024w, https:\/\/camaracristais.mg.gov.br\/wp-content\/uploads\/2023\/09\/375747663_264619396385740_799161287808330600_n-696x696.jpg 696w, https:\/\/camaracristais.mg.gov.br\/wp-content\/uploads\/2023\/09\/375747663_264619396385740_799161287808330600_n-1068x1068.jpg 1068w, https:\/\/camaracristais.mg.gov.br\/wp-content\/uploads\/2023\/09\/375747663_264619396385740_799161287808330600_n-420x420.jpg 420w, https:\/\/camaracristais.mg.gov.br\/wp-content\/uploads\/2023\/09\/375747663_264619396385740_799161287808330600_n.jpg 1440w\" sizes=\"auto, (max-width: 300px) 100vw, 300px\" \/> <img loading=\"lazy\" decoding=\"async\" class=\"alignnone size-medium wp-image-11924\" src=\"http:\/\/camaracristais.mg.gov.br\/wp-content\/uploads\/2023\/09\/375673514_264619399719073_8555769336342462532_n-300x300.jpg\" alt=\"\" width=\"300\" height=\"300\" srcset=\"https:\/\/camaracristais.mg.gov.br\/wp-content\/uploads\/2023\/09\/375673514_264619399719073_8555769336342462532_n-300x300.jpg 300w, https:\/\/camaracristais.mg.gov.br\/wp-content\/uploads\/2023\/09\/375673514_264619399719073_8555769336342462532_n-150x150.jpg 150w, https:\/\/camaracristais.mg.gov.br\/wp-content\/uploads\/2023\/09\/375673514_264619399719073_8555769336342462532_n-768x767.jpg 768w, https:\/\/camaracristais.mg.gov.br\/wp-content\/uploads\/2023\/09\/375673514_264619399719073_8555769336342462532_n-1024x1024.jpg 1024w, https:\/\/camaracristais.mg.gov.br\/wp-content\/uploads\/2023\/09\/375673514_264619399719073_8555769336342462532_n-696x696.jpg 696w, https:\/\/camaracristais.mg.gov.br\/wp-content\/uploads\/2023\/09\/375673514_264619399719073_8555769336342462532_n-1068x1067.jpg 1068w, https:\/\/camaracristais.mg.gov.br\/wp-content\/uploads\/2023\/09\/375673514_264619399719073_8555769336342462532_n-420x420.jpg 420w, https:\/\/camaracristais.mg.gov.br\/wp-content\/uploads\/2023\/09\/375673514_264619399719073_8555769336342462532_n.jpg 1440w\" sizes=\"auto, (max-width: 300px) 100vw, 300px\" \/><\/p>\n","protected":false},"excerpt":{"rendered":"<p>Na Segunda-Feira, 04 de Setembro, os vereadores participaram de uma palestra que tratou de assuntos relacionados a import\u00e2ncia do Patrim\u00f4nio Cultural e seu papel no programa ICMS. Durante a palestra, [&hellip;]<\/p>\n","protected":false},"author":9,"featured_media":11925,"comment_status":"open","ping_status":"open","sticky":false,"template":"","format":"standard","meta":{"footnotes":""},"categories":[461,243,45],"tags":[],"class_list":["post-11922","post","type-post","status-publish","format-standard","has-post-thumbnail","hentry","category-eventos","category-galeria-de-fotos","category-noticias"],"_links":{"self":[{"href":"https:\/\/camaracristais.mg.gov.br\/index.php?rest_route=\/wp\/v2\/posts\/11922","targetHints":{"allow":["GET"]}}],"collection":[{"href":"https:\/\/camaracristais.mg.gov.br\/index.php?rest_route=\/wp\/v2\/posts"}],"about":[{"href":"https:\/\/camaracristais.mg.gov.br\/index.php?rest_route=\/wp\/v2\/types\/post"}],"author":[{"embeddable":true,"href":"https:\/\/camaracristais.mg.gov.br\/index.php?rest_route=\/wp\/v2\/users\/9"}],"replies":[{"embeddable":true,"href":"https:\/\/camaracristais.mg.gov.br\/index.php?rest_route=%2Fwp%2Fv2%2Fcomments&post=11922"}],"version-history":[{"count":1,"href":"https:\/\/camaracristais.mg.gov.br\/index.php?rest_route=\/wp\/v2\/posts\/11922\/revisions"}],"predecessor-version":[{"id":11926,"href":"https:\/\/camaracristais.mg.gov.br\/index.php?rest_route=\/wp\/v2\/posts\/11922\/revisions\/11926"}],"wp:featuredmedia":[{"embeddable":true,"href":"https:\/\/camaracristais.mg.gov.br\/index.php?rest_route=\/wp\/v2\/media\/11925"}],"wp:attachment":[{"href":"https:\/\/camaracristais.mg.gov.br\/index.php?rest_route=%2Fwp%2Fv2%2Fmedia&parent=11922"}],"wp:term":[{"taxonomy":"category","embeddable":true,"href":"https:\/\/camaracristais.mg.gov.br\/index.php?rest_route=%2Fwp%2Fv2%2Fcategories&post=11922"},{"taxonomy":"post_tag","embeddable":true,"href":"https:\/\/camaracristais.mg.gov.br\/index.php?rest_route=%2Fwp%2Fv2%2Ftags&post=11922"}],"curies":[{"name":"wp","href":"https:\/\/api.w.org\/{rel}","templated":true}]}}