{"id":11914,"date":"2023-08-30T13:50:37","date_gmt":"2023-08-30T16:50:37","guid":{"rendered":"http:\/\/camaracristais.mg.gov.br\/?p=11914"},"modified":"2024-10-07T14:23:52","modified_gmt":"2024-10-07T17:23:52","slug":"camara-de-cristais-realiza-entrega-de-titulo-de-cidadao-honorario-ao-servidor-publico-mattheus-rogana","status":"publish","type":"post","link":"https:\/\/camaracristais.mg.gov.br\/?p=11914","title":{"rendered":"C\u00e2mara de Cristais realiza entrega de t\u00edtulo de Cidad\u00e3o Honor\u00e1rio ao Servidor P\u00fablico Mattheus Rogana"},"content":{"rendered":"<div id=\"chunk-2odld\">\n<div class=\"mc-column content-text active-extra-styles \" data-block-type=\"unstyled\" data-block-weight=\"41\" data-block-id=\"4\">\n<p class=\"content-text__container \" data-track-category=\"Link no Texto\" data-track-links=\"\">A cerim\u00f4nia de entrega do t\u00edtulo ao Sr. Mattheus Rogana, foi realizada no dia 28 de Agosto, \u00e0s 18h, no plen\u00e1rio Silvio da Silva Reis\u00a0o qual foi feito por meio de um projeto de decreto, de autoria da vereadora Claedmar Aparecida Santos Maia.<\/p>\n<\/div>\n<\/div>\n<div id=\"chunk-68b4l\">\n<div class=\"mc-column content-text active-extra-styles \" data-block-type=\"unstyled\" data-block-weight=\"39\" data-block-id=\"5\">\n<p class=\"content-text__container \" data-track-category=\"Link no Texto\" data-track-links=\"\">O t\u00edtulo Cidad\u00e3o Honor\u00e1rio \u00e9 concedido exclusivamente para a pessoas que n\u00e3o tenham nascido no munic\u00edpio e que tenham devida import\u00e2ncia ou servi\u00e7os prestados \u00e0 cidade. O agraciado passa a ser considerado um conterr\u00e2neo com essa honraria.<\/p>\n<\/div>\n<\/div>\n<p>Mattheus Rogana \u00e9 um profissional refer\u00eancia nos munic\u00edpios vizinhos pelo trabalho e presteza com o qual vem desempenhando em nosso munic\u00edpio e recebeu o t\u00edtulo de Cidad\u00e3o Honor\u00e1rio com muita satisfa\u00e7\u00e3o por parte dos representantes do Poder Legislativo.<img loading=\"lazy\" decoding=\"async\" class=\"alignnone size-medium wp-image-11915\" src=\"http:\/\/camaracristais.mg.gov.br\/wp-content\/uploads\/2023\/09\/371929151_261767376670942_4468246000483410141_n-300x225.jpg\" alt=\"\" width=\"300\" height=\"225\" srcset=\"https:\/\/camaracristais.mg.gov.br\/wp-content\/uploads\/2023\/09\/371929151_261767376670942_4468246000483410141_n-300x225.jpg 300w, https:\/\/camaracristais.mg.gov.br\/wp-content\/uploads\/2023\/09\/371929151_261767376670942_4468246000483410141_n-768x576.jpg 768w, https:\/\/camaracristais.mg.gov.br\/wp-content\/uploads\/2023\/09\/371929151_261767376670942_4468246000483410141_n-1024x768.jpg 1024w, https:\/\/camaracristais.mg.gov.br\/wp-content\/uploads\/2023\/09\/371929151_261767376670942_4468246000483410141_n-80x60.jpg 80w, https:\/\/camaracristais.mg.gov.br\/wp-content\/uploads\/2023\/09\/371929151_261767376670942_4468246000483410141_n-265x198.jpg 265w, https:\/\/camaracristais.mg.gov.br\/wp-content\/uploads\/2023\/09\/371929151_261767376670942_4468246000483410141_n-696x522.jpg 696w, https:\/\/camaracristais.mg.gov.br\/wp-content\/uploads\/2023\/09\/371929151_261767376670942_4468246000483410141_n-1068x801.jpg 1068w, https:\/\/camaracristais.mg.gov.br\/wp-content\/uploads\/2023\/09\/371929151_261767376670942_4468246000483410141_n-560x420.jpg 560w, https:\/\/camaracristais.mg.gov.br\/wp-content\/uploads\/2023\/09\/371929151_261767376670942_4468246000483410141_n.jpg 1440w\" sizes=\"auto, (max-width: 300px) 100vw, 300px\" \/> <img loading=\"lazy\" decoding=\"async\" class=\"alignnone size-medium wp-image-11916\" src=\"http:\/\/camaracristais.mg.gov.br\/wp-content\/uploads\/2023\/09\/372021352_261767373337609_2105458865386362609_n-300x226.jpg\" alt=\"\" width=\"300\" height=\"226\" srcset=\"https:\/\/camaracristais.mg.gov.br\/wp-content\/uploads\/2023\/09\/372021352_261767373337609_2105458865386362609_n-300x226.jpg 300w, https:\/\/camaracristais.mg.gov.br\/wp-content\/uploads\/2023\/09\/372021352_261767373337609_2105458865386362609_n-768x579.jpg 768w, https:\/\/camaracristais.mg.gov.br\/wp-content\/uploads\/2023\/09\/372021352_261767373337609_2105458865386362609_n-1024x772.jpg 1024w, https:\/\/camaracristais.mg.gov.br\/wp-content\/uploads\/2023\/09\/372021352_261767373337609_2105458865386362609_n-80x60.jpg 80w, https:\/\/camaracristais.mg.gov.br\/wp-content\/uploads\/2023\/09\/372021352_261767373337609_2105458865386362609_n-696x524.jpg 696w, https:\/\/camaracristais.mg.gov.br\/wp-content\/uploads\/2023\/09\/372021352_261767373337609_2105458865386362609_n-1068x805.jpg 1068w, https:\/\/camaracristais.mg.gov.br\/wp-content\/uploads\/2023\/09\/372021352_261767373337609_2105458865386362609_n-557x420.jpg 557w, https:\/\/camaracristais.mg.gov.br\/wp-content\/uploads\/2023\/09\/372021352_261767373337609_2105458865386362609_n.jpg 1440w\" sizes=\"auto, (max-width: 300px) 100vw, 300px\" \/> <img loading=\"lazy\" decoding=\"async\" class=\"alignnone size-medium wp-image-11917\" src=\"http:\/\/camaracristais.mg.gov.br\/wp-content\/uploads\/2023\/09\/372679215_261767370004276_97957163864124731_n-300x225.jpg\" alt=\"\" width=\"300\" height=\"225\" srcset=\"https:\/\/camaracristais.mg.gov.br\/wp-content\/uploads\/2023\/09\/372679215_261767370004276_97957163864124731_n-300x225.jpg 300w, https:\/\/camaracristais.mg.gov.br\/wp-content\/uploads\/2023\/09\/372679215_261767370004276_97957163864124731_n-768x576.jpg 768w, https:\/\/camaracristais.mg.gov.br\/wp-content\/uploads\/2023\/09\/372679215_261767370004276_97957163864124731_n-1024x768.jpg 1024w, https:\/\/camaracristais.mg.gov.br\/wp-content\/uploads\/2023\/09\/372679215_261767370004276_97957163864124731_n-80x60.jpg 80w, https:\/\/camaracristais.mg.gov.br\/wp-content\/uploads\/2023\/09\/372679215_261767370004276_97957163864124731_n-265x198.jpg 265w, https:\/\/camaracristais.mg.gov.br\/wp-content\/uploads\/2023\/09\/372679215_261767370004276_97957163864124731_n-696x522.jpg 696w, https:\/\/camaracristais.mg.gov.br\/wp-content\/uploads\/2023\/09\/372679215_261767370004276_97957163864124731_n-1068x801.jpg 1068w, https:\/\/camaracristais.mg.gov.br\/wp-content\/uploads\/2023\/09\/372679215_261767370004276_97957163864124731_n-560x420.jpg 560w, https:\/\/camaracristais.mg.gov.br\/wp-content\/uploads\/2023\/09\/372679215_261767370004276_97957163864124731_n.jpg 1440w\" sizes=\"auto, (max-width: 300px) 100vw, 300px\" \/><\/p>\n","protected":false},"excerpt":{"rendered":"<p>A cerim\u00f4nia de entrega do t\u00edtulo ao Sr. Mattheus Rogana, foi realizada no dia 28 de Agosto, \u00e0s 18h, no plen\u00e1rio Silvio da Silva Reis\u00a0o qual foi feito por meio [&hellip;]<\/p>\n","protected":false},"author":9,"featured_media":11917,"comment_status":"open","ping_status":"open","sticky":false,"template":"","format":"standard","meta":{"footnotes":""},"categories":[243,45,49],"tags":[],"class_list":["post-11914","post","type-post","status-publish","format-standard","has-post-thumbnail","hentry","category-galeria-de-fotos","category-noticias","category-publicacoes"],"_links":{"self":[{"href":"https:\/\/camaracristais.mg.gov.br\/index.php?rest_route=\/wp\/v2\/posts\/11914","targetHints":{"allow":["GET"]}}],"collection":[{"href":"https:\/\/camaracristais.mg.gov.br\/index.php?rest_route=\/wp\/v2\/posts"}],"about":[{"href":"https:\/\/camaracristais.mg.gov.br\/index.php?rest_route=\/wp\/v2\/types\/post"}],"author":[{"embeddable":true,"href":"https:\/\/camaracristais.mg.gov.br\/index.php?rest_route=\/wp\/v2\/users\/9"}],"replies":[{"embeddable":true,"href":"https:\/\/camaracristais.mg.gov.br\/index.php?rest_route=%2Fwp%2Fv2%2Fcomments&post=11914"}],"version-history":[{"count":2,"href":"https:\/\/camaracristais.mg.gov.br\/index.php?rest_route=\/wp\/v2\/posts\/11914\/revisions"}],"predecessor-version":[{"id":11919,"href":"https:\/\/camaracristais.mg.gov.br\/index.php?rest_route=\/wp\/v2\/posts\/11914\/revisions\/11919"}],"wp:featuredmedia":[{"embeddable":true,"href":"https:\/\/camaracristais.mg.gov.br\/index.php?rest_route=\/wp\/v2\/media\/11917"}],"wp:attachment":[{"href":"https:\/\/camaracristais.mg.gov.br\/index.php?rest_route=%2Fwp%2Fv2%2Fmedia&parent=11914"}],"wp:term":[{"taxonomy":"category","embeddable":true,"href":"https:\/\/camaracristais.mg.gov.br\/index.php?rest_route=%2Fwp%2Fv2%2Fcategories&post=11914"},{"taxonomy":"post_tag","embeddable":true,"href":"https:\/\/camaracristais.mg.gov.br\/index.php?rest_route=%2Fwp%2Fv2%2Ftags&post=11914"}],"curies":[{"name":"wp","href":"https:\/\/api.w.org\/{rel}","templated":true}]}}