{"id":11810,"date":"2023-02-23T13:21:48","date_gmt":"2023-02-23T16:21:48","guid":{"rendered":"http:\/\/camaracristais.mg.gov.br\/?p=11810"},"modified":"2024-10-07T14:24:05","modified_gmt":"2024-10-07T17:24:05","slug":"11810","status":"publish","type":"post","link":"https:\/\/camaracristais.mg.gov.br\/?p=11810","title":{"rendered":"Audi\u00eancia P\u00fablica"},"content":{"rendered":"<div><\/div>\n<div>\n<div>\n<p>Audi\u00eancia P\u00fablica<\/p>\n<p>Assunto: Presta\u00e7\u00e3o de Contas do Quarto Quadrimestre de 2022.<\/p>\n<p>O Presidente da C\u00e2mara Municipal, Edivaldo Rosa Reis, em conjunto com a Prefeitura Municipal de Cristais, convidam toda a popula\u00e7\u00e3o cristalense para a<\/p>\n<p>Que ser\u00e1 realizada no Predio da C\u00e2mara Municipal, no Plen\u00e1rio Silvio da Silva Reis, no dia 24\/02\/2023 \u00e0s 10h.<\/p>\n<\/div>\n<\/div>\n","protected":false},"excerpt":{"rendered":"<p>Audi\u00eancia P\u00fablica Assunto: Presta\u00e7\u00e3o de Contas do Quarto Quadrimestre de 2022. O Presidente da C\u00e2mara Municipal, Edivaldo Rosa Reis, em conjunto com a Prefeitura Municipal de Cristais, convidam toda a [&hellip;]<\/p>\n","protected":false},"author":9,"featured_media":11811,"comment_status":"open","ping_status":"open","sticky":false,"template":"","format":"standard","meta":{"footnotes":""},"categories":[461,45],"tags":[],"class_list":["post-11810","post","type-post","status-publish","format-standard","has-post-thumbnail","hentry","category-eventos","category-noticias"],"_links":{"self":[{"href":"https:\/\/camaracristais.mg.gov.br\/index.php?rest_route=\/wp\/v2\/posts\/11810","targetHints":{"allow":["GET"]}}],"collection":[{"href":"https:\/\/camaracristais.mg.gov.br\/index.php?rest_route=\/wp\/v2\/posts"}],"about":[{"href":"https:\/\/camaracristais.mg.gov.br\/index.php?rest_route=\/wp\/v2\/types\/post"}],"author":[{"embeddable":true,"href":"https:\/\/camaracristais.mg.gov.br\/index.php?rest_route=\/wp\/v2\/users\/9"}],"replies":[{"embeddable":true,"href":"https:\/\/camaracristais.mg.gov.br\/index.php?rest_route=%2Fwp%2Fv2%2Fcomments&post=11810"}],"version-history":[{"count":2,"href":"https:\/\/camaracristais.mg.gov.br\/index.php?rest_route=\/wp\/v2\/posts\/11810\/revisions"}],"predecessor-version":[{"id":11813,"href":"https:\/\/camaracristais.mg.gov.br\/index.php?rest_route=\/wp\/v2\/posts\/11810\/revisions\/11813"}],"wp:featuredmedia":[{"embeddable":true,"href":"https:\/\/camaracristais.mg.gov.br\/index.php?rest_route=\/wp\/v2\/media\/11811"}],"wp:attachment":[{"href":"https:\/\/camaracristais.mg.gov.br\/index.php?rest_route=%2Fwp%2Fv2%2Fmedia&parent=11810"}],"wp:term":[{"taxonomy":"category","embeddable":true,"href":"https:\/\/camaracristais.mg.gov.br\/index.php?rest_route=%2Fwp%2Fv2%2Fcategories&post=11810"},{"taxonomy":"post_tag","embeddable":true,"href":"https:\/\/camaracristais.mg.gov.br\/index.php?rest_route=%2Fwp%2Fv2%2Ftags&post=11810"}],"curies":[{"name":"wp","href":"https:\/\/api.w.org\/{rel}","templated":true}]}}