{"id":11777,"date":"2023-01-05T14:39:59","date_gmt":"2023-01-05T17:39:59","guid":{"rendered":"http:\/\/camaracristais.mg.gov.br\/?p=11777"},"modified":"2024-10-07T14:24:05","modified_gmt":"2024-10-07T17:24:05","slug":"nova-mesa-diretora-da-camara-municipal-de-cristais-toma-posse-para-o-exercicio-de-2023","status":"publish","type":"post","link":"https:\/\/camaracristais.mg.gov.br\/?p=11777","title":{"rendered":"Nova Mesa Diretora da C\u00e2mara Municipal de Cristais toma posse para o exerc\u00edcio de 2023"},"content":{"rendered":"<p>No \u00faltimo 01 de Janeiro foi realizada a posse do Presidente Eleito da C\u00e2mara Municipal de Cristais, para o exerc\u00edcio de 2023. No\u00a0ato que ocorreu 10h no plen\u00e1rio do Edif\u00edcio Ant\u00f4nio Luiz Filho foram empossados al\u00e9m do novo presidente, o vereador Edivaldo Rosa Reis (UNI\u00c3O), a\u00a0vice-presidente, Deisilene Martins (UNI\u00c3O) e a secret\u00e1ria, Claedmar Aparecida Santos Maia (UNI\u00c3O).<\/p>\n<p>No evento, que foi aberto ao p\u00fablico, tamb\u00e9m foram empossados os novos integrantes das Comiss\u00f5es Permanentes do Poder Legislativo.<\/p>\n<p><img loading=\"lazy\" decoding=\"async\" class=\"alignnone size-medium wp-image-11755\" src=\"http:\/\/camaracristais.mg.gov.br\/wp-content\/uploads\/2023\/01\/Sem-t\u00edtulo-300x235.png\" alt=\"\" width=\"300\" height=\"235\" srcset=\"https:\/\/camaracristais.mg.gov.br\/wp-content\/uploads\/2023\/01\/Sem-t\u00edtulo-300x235.png 300w, https:\/\/camaracristais.mg.gov.br\/wp-content\/uploads\/2023\/01\/Sem-t\u00edtulo-537x420.png 537w, https:\/\/camaracristais.mg.gov.br\/wp-content\/uploads\/2023\/01\/Sem-t\u00edtulo.png 675w\" sizes=\"auto, (max-width: 300px) 100vw, 300px\" \/><\/p>\n","protected":false},"excerpt":{"rendered":"<p>No \u00faltimo 01 de Janeiro foi realizada a posse do Presidente Eleito da C\u00e2mara Municipal de Cristais, para o exerc\u00edcio de 2023. No\u00a0ato que ocorreu 10h no plen\u00e1rio do Edif\u00edcio [&hellip;]<\/p>\n","protected":false},"author":9,"featured_media":11755,"comment_status":"open","ping_status":"open","sticky":false,"template":"","format":"standard","meta":{"footnotes":""},"categories":[407,243,406,45,49],"tags":[],"class_list":["post-11777","post","type-post","status-publish","format-standard","has-post-thumbnail","hentry","category-galeria-de-fotos-midia","category-galeria-de-fotos","category-midia","category-noticias","category-publicacoes"],"_links":{"self":[{"href":"https:\/\/camaracristais.mg.gov.br\/index.php?rest_route=\/wp\/v2\/posts\/11777","targetHints":{"allow":["GET"]}}],"collection":[{"href":"https:\/\/camaracristais.mg.gov.br\/index.php?rest_route=\/wp\/v2\/posts"}],"about":[{"href":"https:\/\/camaracristais.mg.gov.br\/index.php?rest_route=\/wp\/v2\/types\/post"}],"author":[{"embeddable":true,"href":"https:\/\/camaracristais.mg.gov.br\/index.php?rest_route=\/wp\/v2\/users\/9"}],"replies":[{"embeddable":true,"href":"https:\/\/camaracristais.mg.gov.br\/index.php?rest_route=%2Fwp%2Fv2%2Fcomments&post=11777"}],"version-history":[{"count":2,"href":"https:\/\/camaracristais.mg.gov.br\/index.php?rest_route=\/wp\/v2\/posts\/11777\/revisions"}],"predecessor-version":[{"id":11794,"href":"https:\/\/camaracristais.mg.gov.br\/index.php?rest_route=\/wp\/v2\/posts\/11777\/revisions\/11794"}],"wp:featuredmedia":[{"embeddable":true,"href":"https:\/\/camaracristais.mg.gov.br\/index.php?rest_route=\/wp\/v2\/media\/11755"}],"wp:attachment":[{"href":"https:\/\/camaracristais.mg.gov.br\/index.php?rest_route=%2Fwp%2Fv2%2Fmedia&parent=11777"}],"wp:term":[{"taxonomy":"category","embeddable":true,"href":"https:\/\/camaracristais.mg.gov.br\/index.php?rest_route=%2Fwp%2Fv2%2Fcategories&post=11777"},{"taxonomy":"post_tag","embeddable":true,"href":"https:\/\/camaracristais.mg.gov.br\/index.php?rest_route=%2Fwp%2Fv2%2Ftags&post=11777"}],"curies":[{"name":"wp","href":"https:\/\/api.w.org\/{rel}","templated":true}]}}