{"id":11774,"date":"2023-01-05T14:36:06","date_gmt":"2023-01-05T17:36:06","guid":{"rendered":"http:\/\/camaracristais.mg.gov.br\/?p=11774"},"modified":"2024-10-07T14:24:05","modified_gmt":"2024-10-07T17:24:05","slug":"vereadores-definem-as-comissoes-permanentes-para-o-exercicio-2023-2","status":"publish","type":"post","link":"https:\/\/camaracristais.mg.gov.br\/?p=11774","title":{"rendered":"Vereadores definem as Comiss\u00f5es Permanentes para o exerc\u00edcio 2023"},"content":{"rendered":"<p>A\u00a0C\u00e2mara Municipal de Cristais definiu esta semana as composi\u00e7\u00f5es das 4 Comiss\u00f5es Tem\u00e1ticas Permanentes para o exerc\u00edcio de 2023.\u00a0A forma\u00e7\u00e3o dos grupos \u00e9 votada e decidida pelos 9 parlamentares da Casa, assegurando a representa\u00e7\u00e3o proporcional entre os partidos.<\/p>\n<p>As\u00a0Comiss\u00f5es Tem\u00e1ticas s\u00e3o compostas por cinco vereadores e\/ou vereadoras, um presidente, um relator, um membro e dois suplente. Todos discutem as mat\u00e9rias que chegam ao Legislativo.\u00a0Contudo, antes, todos os textos passam por um colegiado em comum: a Comiss\u00e3o de Legisla\u00e7\u00e3o, Justi\u00e7a e Reda\u00e7\u00e3o, que delibera sobre a sua legalidade e constitucionalidade.<\/p>\n<p><strong>Confira abaixo a composi\u00e7\u00e3o das comiss\u00f5es para o ano de 2023:<\/strong><\/p>\n<div id=\"chunk-ab5cg\">\n<div class=\"mc-column content-text active-extra-styles \" data-block-type=\"unstyled\" data-block-weight=\"4\" data-block-id=\"7\">\n<p class=\"content-text__container \" data-track-category=\"Link no Texto\" data-track-links=\"\"><strong>Legisla\u00e7\u00e3o, Justi\u00e7a e Reda\u00e7\u00e3o<\/strong><\/p>\n<\/div>\n<\/div>\n<div class=\"mc-column content-text active-extra-styles\" data-block-type=\"raw\" data-block-weight=\"19\" data-block-id=\"8\">\n<ul class=\"content-unordered-list\">\n<li>Presidente: Marcos Bas\u00edlio Neves (UNI\u00c3O)<\/li>\n<li>Membro: Jo\u00e3o Batista de Almeida (PSD)<\/li>\n<li>Relator: Marcos Ant\u00f4nio de Souza (PSDB)<\/li>\n<li>1\u00b0 Suplente: Roselene da Silva (PSDB)<\/li>\n<li>2\u00b0 Suplente: Marilene Silva de Paula (AVANTE)<\/li>\n<\/ul>\n<div id=\"chunk-ab5cg\">\n<div class=\"mc-column content-text active-extra-styles \" data-block-type=\"unstyled\" data-block-weight=\"4\" data-block-id=\"7\">\n<p class=\"content-text__container \" data-track-category=\"Link no Texto\" data-track-links=\"\"><strong>Finan\u00e7as e Or\u00e7amento<\/strong><\/p>\n<\/div>\n<\/div>\n<div class=\"mc-column content-text active-extra-styles\" data-block-type=\"raw\" data-block-weight=\"19\" data-block-id=\"8\">\n<ul class=\"content-unordered-list\">\n<li>Presidente: Jo\u00e3o Batista de Almeida (PSD)<\/li>\n<li>Membro: Marcos Bas\u00edlio Neves ( UNI\u00c3O)<\/li>\n<li>Relator: Marcos Ant\u00f4nio de Souza (PSDB)<\/li>\n<li>1\u00b0 Suplente: Jefferson \u00c0zara Cardoso (PSD)<\/li>\n<li>2\u00b0 Suplente: Marilene Silva de Paula (AVANTE)<\/li>\n<\/ul>\n<div id=\"chunk-ab5cg\">\n<div class=\"mc-column content-text active-extra-styles \" data-block-type=\"unstyled\" data-block-weight=\"4\" data-block-id=\"7\">\n<p class=\"content-text__container \" data-track-category=\"Link no Texto\" data-track-links=\"\"><strong>Obras e Servi\u00e7os P\u00fablicos<\/strong><\/p>\n<\/div>\n<\/div>\n<div class=\"mc-column content-text active-extra-styles\" data-block-type=\"raw\" data-block-weight=\"19\" data-block-id=\"8\">\n<ul class=\"content-unordered-list\">\n<li>Presidente: Marilene Silva de Paula (AVANTE)<\/li>\n<li>Membro: Roselene da Silva (PSDB)<\/li>\n<li>Relator: Jefferson \u00c0zara Cardoso (PSD)<\/li>\n<li>1\u00b0 Suplente: Marcos Bas\u00edlio Neves (UNI\u00c3O)<\/li>\n<li>2\u00b0 Suplente: Jo\u00e3o Batista de Almeida (PSD)<\/li>\n<\/ul>\n<div id=\"chunk-ab5cg\">\n<div class=\"mc-column content-text active-extra-styles \" data-block-type=\"unstyled\" data-block-weight=\"4\" data-block-id=\"7\">\n<p class=\"content-text__container \" data-track-category=\"Link no Texto\" data-track-links=\"\"><strong> Educa\u00e7\u00e3o, Sa\u00fade e Assist\u00eancia social<\/strong><\/p>\n<\/div>\n<\/div>\n<div class=\"mc-column content-text active-extra-styles\" data-block-type=\"raw\" data-block-weight=\"19\" data-block-id=\"8\">\n<ul class=\"content-unordered-list\">\n<li>Presidente: Roselene da Silva (PSDB)<\/li>\n<li>Membro: Marilene Silva de Paula (AVANTE)<\/li>\n<li>Relator: Jefferson \u00c0zara Cardoso\u00a0 (PSD)<\/li>\n<li>1\u00b0 Suplente: Marcos Ant\u00f4nio de Souza (PSDB)<\/li>\n<li>2\u00b0 Suplente: Marcos Bas\u00edlio Neves (UNI\u00c3O)<\/li>\n<\/ul>\n<p><strong>Tesoureiro:<\/strong>\u00a0Jo\u00e3o Batista de Almeida (PSD)<\/p>\n<\/div>\n<\/div>\n<\/div>\n<\/div>\n","protected":false},"excerpt":{"rendered":"<p>A\u00a0C\u00e2mara Municipal de Cristais definiu esta semana as composi\u00e7\u00f5es das 4 Comiss\u00f5es Tem\u00e1ticas Permanentes para o exerc\u00edcio de 2023.\u00a0A forma\u00e7\u00e3o dos grupos \u00e9 votada e decidida pelos 9 parlamentares da [&hellip;]<\/p>\n","protected":false},"author":9,"featured_media":11776,"comment_status":"open","ping_status":"open","sticky":false,"template":"","format":"standard","meta":{"footnotes":""},"categories":[45,49],"tags":[],"class_list":["post-11774","post","type-post","status-publish","format-standard","has-post-thumbnail","hentry","category-noticias","category-publicacoes"],"_links":{"self":[{"href":"https:\/\/camaracristais.mg.gov.br\/index.php?rest_route=\/wp\/v2\/posts\/11774","targetHints":{"allow":["GET"]}}],"collection":[{"href":"https:\/\/camaracristais.mg.gov.br\/index.php?rest_route=\/wp\/v2\/posts"}],"about":[{"href":"https:\/\/camaracristais.mg.gov.br\/index.php?rest_route=\/wp\/v2\/types\/post"}],"author":[{"embeddable":true,"href":"https:\/\/camaracristais.mg.gov.br\/index.php?rest_route=\/wp\/v2\/users\/9"}],"replies":[{"embeddable":true,"href":"https:\/\/camaracristais.mg.gov.br\/index.php?rest_route=%2Fwp%2Fv2%2Fcomments&post=11774"}],"version-history":[{"count":1,"href":"https:\/\/camaracristais.mg.gov.br\/index.php?rest_route=\/wp\/v2\/posts\/11774\/revisions"}],"predecessor-version":[{"id":11775,"href":"https:\/\/camaracristais.mg.gov.br\/index.php?rest_route=\/wp\/v2\/posts\/11774\/revisions\/11775"}],"wp:featuredmedia":[{"embeddable":true,"href":"https:\/\/camaracristais.mg.gov.br\/index.php?rest_route=\/wp\/v2\/media\/11776"}],"wp:attachment":[{"href":"https:\/\/camaracristais.mg.gov.br\/index.php?rest_route=%2Fwp%2Fv2%2Fmedia&parent=11774"}],"wp:term":[{"taxonomy":"category","embeddable":true,"href":"https:\/\/camaracristais.mg.gov.br\/index.php?rest_route=%2Fwp%2Fv2%2Fcategories&post=11774"},{"taxonomy":"post_tag","embeddable":true,"href":"https:\/\/camaracristais.mg.gov.br\/index.php?rest_route=%2Fwp%2Fv2%2Ftags&post=11774"}],"curies":[{"name":"wp","href":"https:\/\/api.w.org\/{rel}","templated":true}]}}