{"id":11767,"date":"2023-01-05T14:34:33","date_gmt":"2023-01-05T17:34:33","guid":{"rendered":"http:\/\/camaracristais.mg.gov.br\/?p=11767"},"modified":"2024-10-07T14:24:05","modified_gmt":"2024-10-07T17:24:05","slug":"camara-municipal-de-cristais-devolve-mais-r200-mil-aos-cofres-publicos-do-municipio","status":"publish","type":"post","link":"https:\/\/camaracristais.mg.gov.br\/?p=11767","title":{"rendered":"C\u00e2mara Municipal de Cristais devolve mais R$200 mil aos cofres p\u00fablicos do munic\u00edpio"},"content":{"rendered":"<p>A C\u00e2mara Municipal de Cristais, leg\u00edtima representante do povo, se reuniu com o Assessor de Governo da Prefeitura Municipal de Cristais, o Sr. Rinaldo Ant\u00f4nio Maia, ocasi\u00e3o a qual foi feita a devolu\u00e7\u00e3o oficial do valor de R$214.965,16 (duzentos e quatorze mil, novecentos e sessenta e cinco e dezesseis centavos) que foram economizamos durante o exerc\u00edcio de 2022 e que ap\u00f3s firmado compromisso com o Prefeito Municipal, o Sr. Djalma Francisco Carvalho, destinar\u00e1 metade deste valor \u00e0 sa\u00fade do nosso Munic\u00edpio,\u00a0para que sejam providenciado e agilizado os exames realizados pela Secretaria de Sa\u00fade Municipal.<\/p>\n<p>A C\u00e2mara Municipal de Cristais agradece mais um vez \u00e0 Administra\u00e7\u00e3o P\u00fablica pela parceria e firma mais uma vez seu compromisso com o povo cristalense.<\/p>\n<p>Confira o v\u00eddeo na integra no Canal Oficial do Youtube\u00a0<a href=\"https:\/\/www.youtube.com\/watch?v=fAPZmmGIlDI\">C\u00e2mara Municipal de Cristais devolve mais de R$200 mil aos cofres p\u00fablicos do munic\u00edpio &#8211; YouTube<\/a><\/p>\n<p><img loading=\"lazy\" decoding=\"async\" class=\"alignnone size-medium wp-image-11768\" src=\"http:\/\/camaracristais.mg.gov.br\/wp-content\/uploads\/2023\/01\/entrega-300x226.png\" alt=\"\" width=\"300\" height=\"226\" srcset=\"https:\/\/camaracristais.mg.gov.br\/wp-content\/uploads\/2023\/01\/entrega-300x226.png 300w, https:\/\/camaracristais.mg.gov.br\/wp-content\/uploads\/2023\/01\/entrega-80x60.png 80w, https:\/\/camaracristais.mg.gov.br\/wp-content\/uploads\/2023\/01\/entrega-557x420.png 557w, https:\/\/camaracristais.mg.gov.br\/wp-content\/uploads\/2023\/01\/entrega.png 605w\" sizes=\"auto, (max-width: 300px) 100vw, 300px\" \/><\/p>\n","protected":false},"excerpt":{"rendered":"<p>A C\u00e2mara Municipal de Cristais, leg\u00edtima representante do povo, se reuniu com o Assessor de Governo da Prefeitura Municipal de Cristais, o Sr. Rinaldo Ant\u00f4nio Maia, ocasi\u00e3o a qual foi [&hellip;]<\/p>\n","protected":false},"author":9,"featured_media":11768,"comment_status":"open","ping_status":"open","sticky":false,"template":"","format":"standard","meta":{"footnotes":""},"categories":[243,45],"tags":[],"class_list":["post-11767","post","type-post","status-publish","format-standard","has-post-thumbnail","hentry","category-galeria-de-fotos","category-noticias"],"_links":{"self":[{"href":"https:\/\/camaracristais.mg.gov.br\/index.php?rest_route=\/wp\/v2\/posts\/11767","targetHints":{"allow":["GET"]}}],"collection":[{"href":"https:\/\/camaracristais.mg.gov.br\/index.php?rest_route=\/wp\/v2\/posts"}],"about":[{"href":"https:\/\/camaracristais.mg.gov.br\/index.php?rest_route=\/wp\/v2\/types\/post"}],"author":[{"embeddable":true,"href":"https:\/\/camaracristais.mg.gov.br\/index.php?rest_route=\/wp\/v2\/users\/9"}],"replies":[{"embeddable":true,"href":"https:\/\/camaracristais.mg.gov.br\/index.php?rest_route=%2Fwp%2Fv2%2Fcomments&post=11767"}],"version-history":[{"count":2,"href":"https:\/\/camaracristais.mg.gov.br\/index.php?rest_route=\/wp\/v2\/posts\/11767\/revisions"}],"predecessor-version":[{"id":11773,"href":"https:\/\/camaracristais.mg.gov.br\/index.php?rest_route=\/wp\/v2\/posts\/11767\/revisions\/11773"}],"wp:featuredmedia":[{"embeddable":true,"href":"https:\/\/camaracristais.mg.gov.br\/index.php?rest_route=\/wp\/v2\/media\/11768"}],"wp:attachment":[{"href":"https:\/\/camaracristais.mg.gov.br\/index.php?rest_route=%2Fwp%2Fv2%2Fmedia&parent=11767"}],"wp:term":[{"taxonomy":"category","embeddable":true,"href":"https:\/\/camaracristais.mg.gov.br\/index.php?rest_route=%2Fwp%2Fv2%2Fcategories&post=11767"},{"taxonomy":"post_tag","embeddable":true,"href":"https:\/\/camaracristais.mg.gov.br\/index.php?rest_route=%2Fwp%2Fv2%2Ftags&post=11767"}],"curies":[{"name":"wp","href":"https:\/\/api.w.org\/{rel}","templated":true}]}}