{"id":11679,"date":"2022-07-18T10:49:51","date_gmt":"2022-07-18T13:49:51","guid":{"rendered":"http:\/\/camaracristais.mg.gov.br\/?p=11679"},"modified":"2024-10-07T14:24:06","modified_gmt":"2024-10-07T17:24:06","slug":"inauguracao-do-ete-estacao-de-tratamento-de-esgoto","status":"publish","type":"post","link":"https:\/\/camaracristais.mg.gov.br\/?p=11679","title":{"rendered":"INAUGURA\u00c7\u00c3O DO ETE \u2013 ESTA\u00c7\u00c3O DE TRATAMENTO DE ESGOTO"},"content":{"rendered":"<p>No \u00faltimo dia 28 de Junho, Cristais inaugurou a esta\u00e7\u00e3o de tratamento de esgoto, que foi inaugurada perante a presen\u00e7a da secret\u00e1ria de estado e meio ambiente a sra. Mar\u00edlia Carvalho de Melo, nosso secret\u00e1rio de meio ambiente, o sr. Paulo Ribeiro, nosso Prefeito em exerc\u00edcio, o sr. Leonardo de Oliveira; tamb\u00e9m tivemos a presen\u00e7a dos nosso vereadores representando esta Casa Legislativa e demais autoridades militares representantes da for\u00e7a policial da nossa regi\u00e3o que estiveram presentes na solenidade de inaugura\u00e7\u00e3o que ocorreu no Clube Jubileu de Prata.<\/p>\n<p>Com a inaugura\u00e7\u00e3o do ETE (esta\u00e7\u00e3o de tratamento de esgoto), Cristais passa a ter mais de 65% do seu esgoto tratado, o que ir\u00e1 ajudar n\u00e3o s\u00f3 no meio ambiente, como tamb\u00e9m na sa\u00fade da popula\u00e7\u00e3o cristalense.<\/p>\n<p>A C\u00e2mara Legislativa leg\u00edtima representante do povo, deixa registrado os votos de compromisso na fiscaliza\u00e7\u00e3o e acompanhamento do funcionamento do novo Centro de Tratamento de Esgoto.<\/p>\n<p>&nbsp;<\/p>\n<p><img loading=\"lazy\" decoding=\"async\" class=\"alignnone size-medium wp-image-11698\" src=\"http:\/\/camaracristais.mg.gov.br\/wp-content\/uploads\/2022\/07\/IMG_20220628_144010-300x225.jpg\" alt=\"\" width=\"300\" height=\"225\" srcset=\"https:\/\/camaracristais.mg.gov.br\/wp-content\/uploads\/2022\/07\/IMG_20220628_144010-300x225.jpg 300w, https:\/\/camaracristais.mg.gov.br\/wp-content\/uploads\/2022\/07\/IMG_20220628_144010-768x576.jpg 768w, https:\/\/camaracristais.mg.gov.br\/wp-content\/uploads\/2022\/07\/IMG_20220628_144010-1024x768.jpg 1024w, https:\/\/camaracristais.mg.gov.br\/wp-content\/uploads\/2022\/07\/IMG_20220628_144010-80x60.jpg 80w, https:\/\/camaracristais.mg.gov.br\/wp-content\/uploads\/2022\/07\/IMG_20220628_144010-265x198.jpg 265w, https:\/\/camaracristais.mg.gov.br\/wp-content\/uploads\/2022\/07\/IMG_20220628_144010-696x522.jpg 696w, https:\/\/camaracristais.mg.gov.br\/wp-content\/uploads\/2022\/07\/IMG_20220628_144010-1068x801.jpg 1068w, https:\/\/camaracristais.mg.gov.br\/wp-content\/uploads\/2022\/07\/IMG_20220628_144010-560x420.jpg 560w\" sizes=\"auto, (max-width: 300px) 100vw, 300px\" \/><img loading=\"lazy\" decoding=\"async\" class=\"alignnone size-medium wp-image-11693\" src=\"http:\/\/camaracristais.mg.gov.br\/wp-content\/uploads\/2022\/07\/IMG_20220628_143805-300x225.jpg\" alt=\"\" width=\"300\" height=\"225\" srcset=\"https:\/\/camaracristais.mg.gov.br\/wp-content\/uploads\/2022\/07\/IMG_20220628_143805-300x225.jpg 300w, https:\/\/camaracristais.mg.gov.br\/wp-content\/uploads\/2022\/07\/IMG_20220628_143805-768x576.jpg 768w, https:\/\/camaracristais.mg.gov.br\/wp-content\/uploads\/2022\/07\/IMG_20220628_143805-1024x768.jpg 1024w, https:\/\/camaracristais.mg.gov.br\/wp-content\/uploads\/2022\/07\/IMG_20220628_143805-80x60.jpg 80w, https:\/\/camaracristais.mg.gov.br\/wp-content\/uploads\/2022\/07\/IMG_20220628_143805-265x198.jpg 265w, https:\/\/camaracristais.mg.gov.br\/wp-content\/uploads\/2022\/07\/IMG_20220628_143805-696x522.jpg 696w, https:\/\/camaracristais.mg.gov.br\/wp-content\/uploads\/2022\/07\/IMG_20220628_143805-1068x801.jpg 1068w, https:\/\/camaracristais.mg.gov.br\/wp-content\/uploads\/2022\/07\/IMG_20220628_143805-560x420.jpg 560w\" sizes=\"auto, (max-width: 300px) 100vw, 300px\" \/><\/p>\n<p><img loading=\"lazy\" decoding=\"async\" class=\"alignnone size-medium wp-image-11682\" src=\"http:\/\/camaracristais.mg.gov.br\/wp-content\/uploads\/2022\/07\/IMG_20220628_152811-300x225.jpg\" alt=\"\" width=\"300\" height=\"225\" srcset=\"https:\/\/camaracristais.mg.gov.br\/wp-content\/uploads\/2022\/07\/IMG_20220628_152811-300x225.jpg 300w, https:\/\/camaracristais.mg.gov.br\/wp-content\/uploads\/2022\/07\/IMG_20220628_152811-768x576.jpg 768w, https:\/\/camaracristais.mg.gov.br\/wp-content\/uploads\/2022\/07\/IMG_20220628_152811-1024x768.jpg 1024w, https:\/\/camaracristais.mg.gov.br\/wp-content\/uploads\/2022\/07\/IMG_20220628_152811-80x60.jpg 80w, https:\/\/camaracristais.mg.gov.br\/wp-content\/uploads\/2022\/07\/IMG_20220628_152811-265x198.jpg 265w, https:\/\/camaracristais.mg.gov.br\/wp-content\/uploads\/2022\/07\/IMG_20220628_152811-696x522.jpg 696w, https:\/\/camaracristais.mg.gov.br\/wp-content\/uploads\/2022\/07\/IMG_20220628_152811-1068x801.jpg 1068w, https:\/\/camaracristais.mg.gov.br\/wp-content\/uploads\/2022\/07\/IMG_20220628_152811-560x420.jpg 560w\" sizes=\"auto, (max-width: 300px) 100vw, 300px\" \/><img loading=\"lazy\" decoding=\"async\" class=\"alignnone size-medium wp-image-11683\" src=\"http:\/\/camaracristais.mg.gov.br\/wp-content\/uploads\/2022\/07\/IMG_20220628_151345-300x225.jpg\" alt=\"\" width=\"300\" height=\"225\" srcset=\"https:\/\/camaracristais.mg.gov.br\/wp-content\/uploads\/2022\/07\/IMG_20220628_151345-300x225.jpg 300w, https:\/\/camaracristais.mg.gov.br\/wp-content\/uploads\/2022\/07\/IMG_20220628_151345-768x576.jpg 768w, https:\/\/camaracristais.mg.gov.br\/wp-content\/uploads\/2022\/07\/IMG_20220628_151345-1024x768.jpg 1024w, https:\/\/camaracristais.mg.gov.br\/wp-content\/uploads\/2022\/07\/IMG_20220628_151345-80x60.jpg 80w, https:\/\/camaracristais.mg.gov.br\/wp-content\/uploads\/2022\/07\/IMG_20220628_151345-265x198.jpg 265w, https:\/\/camaracristais.mg.gov.br\/wp-content\/uploads\/2022\/07\/IMG_20220628_151345-696x522.jpg 696w, https:\/\/camaracristais.mg.gov.br\/wp-content\/uploads\/2022\/07\/IMG_20220628_151345-1068x801.jpg 1068w, https:\/\/camaracristais.mg.gov.br\/wp-content\/uploads\/2022\/07\/IMG_20220628_151345-560x420.jpg 560w\" sizes=\"auto, (max-width: 300px) 100vw, 300px\" \/><img loading=\"lazy\" decoding=\"async\" class=\"alignnone size-medium wp-image-11685\" src=\"http:\/\/camaracristais.mg.gov.br\/wp-content\/uploads\/2022\/07\/IMG_20220628_151121-225x300.jpg\" alt=\"\" width=\"225\" height=\"300\" srcset=\"https:\/\/camaracristais.mg.gov.br\/wp-content\/uploads\/2022\/07\/IMG_20220628_151121-225x300.jpg 225w, https:\/\/camaracristais.mg.gov.br\/wp-content\/uploads\/2022\/07\/IMG_20220628_151121-768x1024.jpg 768w, https:\/\/camaracristais.mg.gov.br\/wp-content\/uploads\/2022\/07\/IMG_20220628_151121-696x928.jpg 696w, https:\/\/camaracristais.mg.gov.br\/wp-content\/uploads\/2022\/07\/IMG_20220628_151121-1068x1424.jpg 1068w, https:\/\/camaracristais.mg.gov.br\/wp-content\/uploads\/2022\/07\/IMG_20220628_151121-315x420.jpg 315w\" sizes=\"auto, (max-width: 225px) 100vw, 225px\" \/><img loading=\"lazy\" decoding=\"async\" class=\"alignnone size-medium wp-image-11691\" src=\"http:\/\/camaracristais.mg.gov.br\/wp-content\/uploads\/2022\/07\/IMG_20220628_150644-225x300.jpg\" alt=\"\" width=\"225\" height=\"300\" srcset=\"https:\/\/camaracristais.mg.gov.br\/wp-content\/uploads\/2022\/07\/IMG_20220628_150644-225x300.jpg 225w, https:\/\/camaracristais.mg.gov.br\/wp-content\/uploads\/2022\/07\/IMG_20220628_150644-768x1024.jpg 768w, https:\/\/camaracristais.mg.gov.br\/wp-content\/uploads\/2022\/07\/IMG_20220628_150644-696x928.jpg 696w, https:\/\/camaracristais.mg.gov.br\/wp-content\/uploads\/2022\/07\/IMG_20220628_150644-1068x1424.jpg 1068w, https:\/\/camaracristais.mg.gov.br\/wp-content\/uploads\/2022\/07\/IMG_20220628_150644-315x420.jpg 315w\" sizes=\"auto, (max-width: 225px) 100vw, 225px\" \/><\/p>\n<p>&nbsp;<\/p>\n","protected":false},"excerpt":{"rendered":"<p>No \u00faltimo dia 28 de Junho, Cristais inaugurou a esta\u00e7\u00e3o de tratamento de esgoto, que foi inaugurada perante a presen\u00e7a da secret\u00e1ria de estado e meio ambiente a sra. Mar\u00edlia [&hellip;]<\/p>\n","protected":false},"author":9,"featured_media":11698,"comment_status":"open","ping_status":"open","sticky":false,"template":"","format":"standard","meta":{"footnotes":""},"categories":[45],"tags":[],"class_list":["post-11679","post","type-post","status-publish","format-standard","has-post-thumbnail","hentry","category-noticias"],"_links":{"self":[{"href":"https:\/\/camaracristais.mg.gov.br\/index.php?rest_route=\/wp\/v2\/posts\/11679","targetHints":{"allow":["GET"]}}],"collection":[{"href":"https:\/\/camaracristais.mg.gov.br\/index.php?rest_route=\/wp\/v2\/posts"}],"about":[{"href":"https:\/\/camaracristais.mg.gov.br\/index.php?rest_route=\/wp\/v2\/types\/post"}],"author":[{"embeddable":true,"href":"https:\/\/camaracristais.mg.gov.br\/index.php?rest_route=\/wp\/v2\/users\/9"}],"replies":[{"embeddable":true,"href":"https:\/\/camaracristais.mg.gov.br\/index.php?rest_route=%2Fwp%2Fv2%2Fcomments&post=11679"}],"version-history":[{"count":6,"href":"https:\/\/camaracristais.mg.gov.br\/index.php?rest_route=\/wp\/v2\/posts\/11679\/revisions"}],"predecessor-version":[{"id":11701,"href":"https:\/\/camaracristais.mg.gov.br\/index.php?rest_route=\/wp\/v2\/posts\/11679\/revisions\/11701"}],"wp:featuredmedia":[{"embeddable":true,"href":"https:\/\/camaracristais.mg.gov.br\/index.php?rest_route=\/wp\/v2\/media\/11698"}],"wp:attachment":[{"href":"https:\/\/camaracristais.mg.gov.br\/index.php?rest_route=%2Fwp%2Fv2%2Fmedia&parent=11679"}],"wp:term":[{"taxonomy":"category","embeddable":true,"href":"https:\/\/camaracristais.mg.gov.br\/index.php?rest_route=%2Fwp%2Fv2%2Fcategories&post=11679"},{"taxonomy":"post_tag","embeddable":true,"href":"https:\/\/camaracristais.mg.gov.br\/index.php?rest_route=%2Fwp%2Fv2%2Ftags&post=11679"}],"curies":[{"name":"wp","href":"https:\/\/api.w.org\/{rel}","templated":true}]}}