{"id":11671,"date":"2022-07-14T14:55:50","date_gmt":"2022-07-14T17:55:50","guid":{"rendered":"http:\/\/camaracristais.mg.gov.br\/?p=11671"},"modified":"2024-10-07T14:24:06","modified_gmt":"2024-10-07T17:24:06","slug":"inauguracao-do-centro-regional-de-fisioterapia-de-cristais-mg-dr-lazaro-henrique-de-oliveira","status":"publish","type":"post","link":"https:\/\/camaracristais.mg.gov.br\/?p=11671","title":{"rendered":"INAUGURA\u00c7\u00c3O DO CENTRO REGIONAL DE FISIOTERAPIA DE CRISTAIS \u2013 MG  DR L\u00c1ZARO HENRIQUE DE OLIVEIRA."},"content":{"rendered":"<p>A Associa\u00e7\u00e3o Amigas do Hospital Santo Ant\u00f4nio em parceria com a Administra\u00e7\u00e3o P\u00fablica da Cidade, inauguraram o Centro Regional de Fisioterapia. Os atendimentos ser\u00e3o feitos para a popula\u00e7\u00e3o cristalenses bem como para as demais regi\u00f5es vizinhas.<\/p>\n<p>Ser\u00e3o v\u00e1rios tipos de atendimentos na \u00e1rea fisioterap\u00eautica, onde ser\u00e3o utilizado o tratamento com pilates e tamb\u00e9m o tratamento para pessoas com sequelas p\u00f3s covid.<\/p>\n<p>Dentre as autoridades presentes na inaugura\u00e7\u00e3o do centro regional de fisioterapia Dr. Lazaro Henrique de Oliveira, estiveram presente o Deputado S\u00e1vio Souza Cruz, o Prefeito Djalma Carvalho e seu Vice Leonardo Oliveira, As representes da Associa\u00e7\u00e3o Amigas do Hospital Santo Ant\u00f4nio, os nossos vereadores, e os representantes dos Munic\u00edpios vizinhos.<\/p>\n<p>O Nossos vereadores destacaram a escolha do nome do centro regional como uma escolha s\u00e1bia e assertiva para homenagear o m\u00e9dico Dr. Lazaro Henrique de Oliveira, que foi um m\u00e9dico exemplar e que ajudou por tantos anos a popula\u00e7\u00e3o cristalense.<\/p>\n<p>Para agendamentos e tratamentos os interessados devem ligar no 3835-2222 ou comparecer no pr\u00e9dio do Centro Regional de Fisioterapia localizado na rua: Geraldo Luiz de Oliveira, Centro &#8211; Cristais\/MG.<\/p>\n<div style=\"width: 640px;\" class=\"wp-video\"><!--[if lt IE 9]><script>document.createElement('video');<\/script><![endif]-->\n<video class=\"wp-video-shortcode\" id=\"video-11671-1\" width=\"640\" height=\"360\" preload=\"metadata\" controls=\"controls\"><source type=\"video\/mp4\" src=\"http:\/\/camaracristais.mg.gov.br\/wp-content\/uploads\/2022\/07\/VID_20220623_152557.mp4?_=1\" \/><a href=\"http:\/\/camaracristais.mg.gov.br\/wp-content\/uploads\/2022\/07\/VID_20220623_152557.mp4\">http:\/\/camaracristais.mg.gov.br\/wp-content\/uploads\/2022\/07\/VID_20220623_152557.mp4<\/a><\/video><\/div>\n<p><img loading=\"lazy\" decoding=\"async\" class=\"alignnone size-medium wp-image-11676 aligncenter\" src=\"http:\/\/camaracristais.mg.gov.br\/wp-content\/uploads\/2022\/07\/IMG_20220623_154747-1-1-300x138.jpg\" alt=\"\" width=\"300\" height=\"138\" srcset=\"https:\/\/camaracristais.mg.gov.br\/wp-content\/uploads\/2022\/07\/IMG_20220623_154747-1-1-300x138.jpg 300w, https:\/\/camaracristais.mg.gov.br\/wp-content\/uploads\/2022\/07\/IMG_20220623_154747-1-1-768x354.jpg 768w, https:\/\/camaracristais.mg.gov.br\/wp-content\/uploads\/2022\/07\/IMG_20220623_154747-1-1-1024x473.jpg 1024w, https:\/\/camaracristais.mg.gov.br\/wp-content\/uploads\/2022\/07\/IMG_20220623_154747-1-1-696x321.jpg 696w, https:\/\/camaracristais.mg.gov.br\/wp-content\/uploads\/2022\/07\/IMG_20220623_154747-1-1-1068x493.jpg 1068w, https:\/\/camaracristais.mg.gov.br\/wp-content\/uploads\/2022\/07\/IMG_20220623_154747-1-1-910x420.jpg 910w\" sizes=\"auto, (max-width: 300px) 100vw, 300px\" \/><img loading=\"lazy\" decoding=\"async\" class=\"alignnone size-medium wp-image-11673 aligncenter\" src=\"http:\/\/camaracristais.mg.gov.br\/wp-content\/uploads\/2022\/07\/IMG_20220623_154847-300x138.jpg\" alt=\"\" width=\"300\" height=\"138\" srcset=\"https:\/\/camaracristais.mg.gov.br\/wp-content\/uploads\/2022\/07\/IMG_20220623_154847-300x138.jpg 300w, https:\/\/camaracristais.mg.gov.br\/wp-content\/uploads\/2022\/07\/IMG_20220623_154847-768x354.jpg 768w, https:\/\/camaracristais.mg.gov.br\/wp-content\/uploads\/2022\/07\/IMG_20220623_154847-1024x473.jpg 1024w, https:\/\/camaracristais.mg.gov.br\/wp-content\/uploads\/2022\/07\/IMG_20220623_154847-696x321.jpg 696w, https:\/\/camaracristais.mg.gov.br\/wp-content\/uploads\/2022\/07\/IMG_20220623_154847-1068x493.jpg 1068w, https:\/\/camaracristais.mg.gov.br\/wp-content\/uploads\/2022\/07\/IMG_20220623_154847-910x420.jpg 910w\" sizes=\"auto, (max-width: 300px) 100vw, 300px\" \/> <img loading=\"lazy\" decoding=\"async\" class=\"alignnone size-medium wp-image-11674 aligncenter\" src=\"http:\/\/camaracristais.mg.gov.br\/wp-content\/uploads\/2022\/07\/IMG_20220623_154831-300x138.jpg\" alt=\"\" width=\"300\" height=\"138\" srcset=\"https:\/\/camaracristais.mg.gov.br\/wp-content\/uploads\/2022\/07\/IMG_20220623_154831-300x138.jpg 300w, https:\/\/camaracristais.mg.gov.br\/wp-content\/uploads\/2022\/07\/IMG_20220623_154831-768x354.jpg 768w, https:\/\/camaracristais.mg.gov.br\/wp-content\/uploads\/2022\/07\/IMG_20220623_154831-1024x473.jpg 1024w, https:\/\/camaracristais.mg.gov.br\/wp-content\/uploads\/2022\/07\/IMG_20220623_154831-696x321.jpg 696w, https:\/\/camaracristais.mg.gov.br\/wp-content\/uploads\/2022\/07\/IMG_20220623_154831-1068x493.jpg 1068w, https:\/\/camaracristais.mg.gov.br\/wp-content\/uploads\/2022\/07\/IMG_20220623_154831-910x420.jpg 910w\" sizes=\"auto, (max-width: 300px) 100vw, 300px\" \/> <img loading=\"lazy\" decoding=\"async\" class=\"alignnone size-medium wp-image-11676 aligncenter\" src=\"http:\/\/camaracristais.mg.gov.br\/wp-content\/uploads\/2022\/07\/IMG_20220623_154747-1-1-300x138.jpg\" alt=\"\" width=\"300\" height=\"138\" srcset=\"https:\/\/camaracristais.mg.gov.br\/wp-content\/uploads\/2022\/07\/IMG_20220623_154747-1-1-300x138.jpg 300w, https:\/\/camaracristais.mg.gov.br\/wp-content\/uploads\/2022\/07\/IMG_20220623_154747-1-1-768x354.jpg 768w, https:\/\/camaracristais.mg.gov.br\/wp-content\/uploads\/2022\/07\/IMG_20220623_154747-1-1-1024x473.jpg 1024w, https:\/\/camaracristais.mg.gov.br\/wp-content\/uploads\/2022\/07\/IMG_20220623_154747-1-1-696x321.jpg 696w, https:\/\/camaracristais.mg.gov.br\/wp-content\/uploads\/2022\/07\/IMG_20220623_154747-1-1-1068x493.jpg 1068w, https:\/\/camaracristais.mg.gov.br\/wp-content\/uploads\/2022\/07\/IMG_20220623_154747-1-1-910x420.jpg 910w\" sizes=\"auto, (max-width: 300px) 100vw, 300px\" \/>\u00a0\u00a0<img loading=\"lazy\" decoding=\"async\" class=\"alignnone size-medium wp-image-11677 aligncenter\" src=\"http:\/\/camaracristais.mg.gov.br\/wp-content\/uploads\/2022\/07\/IMG_20220623_152321-1-169x300.jpg\" alt=\"\" width=\"169\" height=\"300\" srcset=\"https:\/\/camaracristais.mg.gov.br\/wp-content\/uploads\/2022\/07\/IMG_20220623_152321-1-169x300.jpg 169w, https:\/\/camaracristais.mg.gov.br\/wp-content\/uploads\/2022\/07\/IMG_20220623_152321-1-768x1365.jpg 768w, https:\/\/camaracristais.mg.gov.br\/wp-content\/uploads\/2022\/07\/IMG_20220623_152321-1-576x1024.jpg 576w, https:\/\/camaracristais.mg.gov.br\/wp-content\/uploads\/2022\/07\/IMG_20220623_152321-1-696x1237.jpg 696w, https:\/\/camaracristais.mg.gov.br\/wp-content\/uploads\/2022\/07\/IMG_20220623_152321-1-1068x1899.jpg 1068w, https:\/\/camaracristais.mg.gov.br\/wp-content\/uploads\/2022\/07\/IMG_20220623_152321-1-236x420.jpg 236w, https:\/\/camaracristais.mg.gov.br\/wp-content\/uploads\/2022\/07\/IMG_20220623_152321-1.jpg 1080w\" sizes=\"auto, (max-width: 169px) 100vw, 169px\" \/><\/p>\n","protected":false},"excerpt":{"rendered":"<p>A Associa\u00e7\u00e3o Amigas do Hospital Santo Ant\u00f4nio em parceria com a Administra\u00e7\u00e3o P\u00fablica da Cidade, inauguraram o Centro Regional de Fisioterapia. Os atendimentos ser\u00e3o feitos para a popula\u00e7\u00e3o cristalenses bem [&hellip;]<\/p>\n","protected":false},"author":9,"featured_media":11676,"comment_status":"open","ping_status":"open","sticky":false,"template":"","format":"standard","meta":{"footnotes":""},"categories":[413,45],"tags":[],"class_list":["post-11671","post","type-post","status-publish","format-standard","has-post-thumbnail","hentry","category-a-camara","category-noticias"],"_links":{"self":[{"href":"https:\/\/camaracristais.mg.gov.br\/index.php?rest_route=\/wp\/v2\/posts\/11671","targetHints":{"allow":["GET"]}}],"collection":[{"href":"https:\/\/camaracristais.mg.gov.br\/index.php?rest_route=\/wp\/v2\/posts"}],"about":[{"href":"https:\/\/camaracristais.mg.gov.br\/index.php?rest_route=\/wp\/v2\/types\/post"}],"author":[{"embeddable":true,"href":"https:\/\/camaracristais.mg.gov.br\/index.php?rest_route=\/wp\/v2\/users\/9"}],"replies":[{"embeddable":true,"href":"https:\/\/camaracristais.mg.gov.br\/index.php?rest_route=%2Fwp%2Fv2%2Fcomments&post=11671"}],"version-history":[{"count":1,"href":"https:\/\/camaracristais.mg.gov.br\/index.php?rest_route=\/wp\/v2\/posts\/11671\/revisions"}],"predecessor-version":[{"id":11678,"href":"https:\/\/camaracristais.mg.gov.br\/index.php?rest_route=\/wp\/v2\/posts\/11671\/revisions\/11678"}],"wp:featuredmedia":[{"embeddable":true,"href":"https:\/\/camaracristais.mg.gov.br\/index.php?rest_route=\/wp\/v2\/media\/11676"}],"wp:attachment":[{"href":"https:\/\/camaracristais.mg.gov.br\/index.php?rest_route=%2Fwp%2Fv2%2Fmedia&parent=11671"}],"wp:term":[{"taxonomy":"category","embeddable":true,"href":"https:\/\/camaracristais.mg.gov.br\/index.php?rest_route=%2Fwp%2Fv2%2Fcategories&post=11671"},{"taxonomy":"post_tag","embeddable":true,"href":"https:\/\/camaracristais.mg.gov.br\/index.php?rest_route=%2Fwp%2Fv2%2Ftags&post=11671"}],"curies":[{"name":"wp","href":"https:\/\/api.w.org\/{rel}","templated":true}]}}