{"id":11649,"date":"2022-07-14T14:25:04","date_gmt":"2022-07-14T17:25:04","guid":{"rendered":"http:\/\/camaracristais.mg.gov.br\/?p=11649"},"modified":"2024-10-07T14:24:06","modified_gmt":"2024-10-07T17:24:06","slug":"solenidade-corpus-christi","status":"publish","type":"post","link":"https:\/\/camaracristais.mg.gov.br\/?p=11649","title":{"rendered":"Solenidade &#8211; Corpus Christi"},"content":{"rendered":"<p><strong>&#8220;Corpus Christi:\u00a0A Eucaristia marca a nossa reserva do para\u00edso e nos leva a vida eterna com Jesus Cristo!&#8221;<\/strong><\/p>\n<p><strong>\u00a0<\/strong><\/p>\n<p>A realiza\u00e7\u00e3o da eucaristia \u00e9 uma refer\u00eancia \u00e0 \u00daltima Ceia, realizada por Cristo com seus disc\u00edpulos durante a Semana Santa, e \u00e0 ordem de Cristo\u00a0 de consumir o p\u00e3o e o vinho em sua mem\u00f3ria.<\/p>\n<p>A C\u00e2mara Municipal atrav\u00e9s dos seus vereadores receberam a presen\u00e7a do Sant\u00edssimo nas depend\u00eancias f\u00edsicas do Poder Legislativo por meio da solenidade de Corpus Christi presidida pelo Pe. Leandro Faria, colaborando com as tradi\u00e7\u00f5es e cultura local.<\/p>\n<p>Ainda dentro da teologia cat\u00f3lica, acredita-se que na eucaristia ocorre algo conhecido como transubstancia\u00e7\u00e3o, no qual os elementos (h\u00f3stia e vinho), ap\u00f3s serem consagrados, transformam-se, em ess\u00eancia, na carne e no sangue de Cristo.<\/p>\n<p>&nbsp;<\/p>\n<p style=\"text-align: center;\">Cristais, 16 de Junho de 2022.<\/p>\n<p style=\"text-align: center;\"><img loading=\"lazy\" decoding=\"async\" class=\"alignnone size-medium wp-image-11664\" src=\"http:\/\/camaracristais.mg.gov.br\/wp-content\/uploads\/2022\/07\/IMG-20220623-WA0032-300x225.jpg\" alt=\"\" width=\"300\" height=\"225\" srcset=\"https:\/\/camaracristais.mg.gov.br\/wp-content\/uploads\/2022\/07\/IMG-20220623-WA0032-300x225.jpg 300w, https:\/\/camaracristais.mg.gov.br\/wp-content\/uploads\/2022\/07\/IMG-20220623-WA0032-768x576.jpg 768w, https:\/\/camaracristais.mg.gov.br\/wp-content\/uploads\/2022\/07\/IMG-20220623-WA0032.jpg 1024w, https:\/\/camaracristais.mg.gov.br\/wp-content\/uploads\/2022\/07\/IMG-20220623-WA0032-80x60.jpg 80w, https:\/\/camaracristais.mg.gov.br\/wp-content\/uploads\/2022\/07\/IMG-20220623-WA0032-265x198.jpg 265w, https:\/\/camaracristais.mg.gov.br\/wp-content\/uploads\/2022\/07\/IMG-20220623-WA0032-696x522.jpg 696w, https:\/\/camaracristais.mg.gov.br\/wp-content\/uploads\/2022\/07\/IMG-20220623-WA0032-560x420.jpg 560w\" sizes=\"auto, (max-width: 300px) 100vw, 300px\" \/>\u00a0\u00a0<img loading=\"lazy\" decoding=\"async\" class=\"alignnone size-medium wp-image-11666\" src=\"http:\/\/camaracristais.mg.gov.br\/wp-content\/uploads\/2022\/07\/IMG-20220623-WA0034-300x225.jpg\" alt=\"\" width=\"300\" height=\"225\" srcset=\"https:\/\/camaracristais.mg.gov.br\/wp-content\/uploads\/2022\/07\/IMG-20220623-WA0034-300x225.jpg 300w, https:\/\/camaracristais.mg.gov.br\/wp-content\/uploads\/2022\/07\/IMG-20220623-WA0034-768x576.jpg 768w, https:\/\/camaracristais.mg.gov.br\/wp-content\/uploads\/2022\/07\/IMG-20220623-WA0034.jpg 1024w, https:\/\/camaracristais.mg.gov.br\/wp-content\/uploads\/2022\/07\/IMG-20220623-WA0034-80x60.jpg 80w, https:\/\/camaracristais.mg.gov.br\/wp-content\/uploads\/2022\/07\/IMG-20220623-WA0034-265x198.jpg 265w, https:\/\/camaracristais.mg.gov.br\/wp-content\/uploads\/2022\/07\/IMG-20220623-WA0034-696x522.jpg 696w, https:\/\/camaracristais.mg.gov.br\/wp-content\/uploads\/2022\/07\/IMG-20220623-WA0034-560x420.jpg 560w\" sizes=\"auto, (max-width: 300px) 100vw, 300px\" \/><\/p>\n<p style=\"text-align: center;\">\u00a0\u00a0<img loading=\"lazy\" decoding=\"async\" class=\"alignnone size-medium wp-image-11656\" src=\"http:\/\/camaracristais.mg.gov.br\/wp-content\/uploads\/2022\/07\/IMG-20220706-WA0144-225x300.jpg\" alt=\"\" width=\"225\" height=\"300\" srcset=\"https:\/\/camaracristais.mg.gov.br\/wp-content\/uploads\/2022\/07\/IMG-20220706-WA0144-225x300.jpg 225w, https:\/\/camaracristais.mg.gov.br\/wp-content\/uploads\/2022\/07\/IMG-20220706-WA0144.jpg 768w, https:\/\/camaracristais.mg.gov.br\/wp-content\/uploads\/2022\/07\/IMG-20220706-WA0144-696x928.jpg 696w, https:\/\/camaracristais.mg.gov.br\/wp-content\/uploads\/2022\/07\/IMG-20220706-WA0144-315x420.jpg 315w\" sizes=\"auto, (max-width: 225px) 100vw, 225px\" \/><img loading=\"lazy\" decoding=\"async\" class=\"alignnone size-medium wp-image-11655\" src=\"http:\/\/camaracristais.mg.gov.br\/wp-content\/uploads\/2022\/07\/IMG-20220706-WA0145-225x300.jpg\" alt=\"\" width=\"225\" height=\"300\" srcset=\"https:\/\/camaracristais.mg.gov.br\/wp-content\/uploads\/2022\/07\/IMG-20220706-WA0145-225x300.jpg 225w, https:\/\/camaracristais.mg.gov.br\/wp-content\/uploads\/2022\/07\/IMG-20220706-WA0145.jpg 768w, https:\/\/camaracristais.mg.gov.br\/wp-content\/uploads\/2022\/07\/IMG-20220706-WA0145-696x928.jpg 696w, https:\/\/camaracristais.mg.gov.br\/wp-content\/uploads\/2022\/07\/IMG-20220706-WA0145-315x420.jpg 315w\" sizes=\"auto, (max-width: 225px) 100vw, 225px\" \/><\/p>\n<p>&nbsp;<\/p>\n","protected":false},"excerpt":{"rendered":"<p>&#8220;Corpus Christi:\u00a0A Eucaristia marca a nossa reserva do para\u00edso e nos leva a vida eterna com Jesus Cristo!&#8221; \u00a0 A realiza\u00e7\u00e3o da eucaristia \u00e9 uma refer\u00eancia \u00e0 \u00daltima Ceia, realizada [&hellip;]<\/p>\n","protected":false},"author":9,"featured_media":11664,"comment_status":"open","ping_status":"open","sticky":false,"template":"","format":"standard","meta":{"footnotes":""},"categories":[45,1],"tags":[],"class_list":["post-11649","post","type-post","status-publish","format-standard","has-post-thumbnail","hentry","category-noticias","category-sem-categoria"],"_links":{"self":[{"href":"https:\/\/camaracristais.mg.gov.br\/index.php?rest_route=\/wp\/v2\/posts\/11649","targetHints":{"allow":["GET"]}}],"collection":[{"href":"https:\/\/camaracristais.mg.gov.br\/index.php?rest_route=\/wp\/v2\/posts"}],"about":[{"href":"https:\/\/camaracristais.mg.gov.br\/index.php?rest_route=\/wp\/v2\/types\/post"}],"author":[{"embeddable":true,"href":"https:\/\/camaracristais.mg.gov.br\/index.php?rest_route=\/wp\/v2\/users\/9"}],"replies":[{"embeddable":true,"href":"https:\/\/camaracristais.mg.gov.br\/index.php?rest_route=%2Fwp%2Fv2%2Fcomments&post=11649"}],"version-history":[{"count":3,"href":"https:\/\/camaracristais.mg.gov.br\/index.php?rest_route=\/wp\/v2\/posts\/11649\/revisions"}],"predecessor-version":[{"id":11900,"href":"https:\/\/camaracristais.mg.gov.br\/index.php?rest_route=\/wp\/v2\/posts\/11649\/revisions\/11900"}],"wp:featuredmedia":[{"embeddable":true,"href":"https:\/\/camaracristais.mg.gov.br\/index.php?rest_route=\/wp\/v2\/media\/11664"}],"wp:attachment":[{"href":"https:\/\/camaracristais.mg.gov.br\/index.php?rest_route=%2Fwp%2Fv2%2Fmedia&parent=11649"}],"wp:term":[{"taxonomy":"category","embeddable":true,"href":"https:\/\/camaracristais.mg.gov.br\/index.php?rest_route=%2Fwp%2Fv2%2Fcategories&post=11649"},{"taxonomy":"post_tag","embeddable":true,"href":"https:\/\/camaracristais.mg.gov.br\/index.php?rest_route=%2Fwp%2Fv2%2Ftags&post=11649"}],"curies":[{"name":"wp","href":"https:\/\/api.w.org\/{rel}","templated":true}]}}