{"id":11638,"date":"2022-06-29T15:41:27","date_gmt":"2022-06-29T18:41:27","guid":{"rendered":"http:\/\/camaracristais.mg.gov.br\/?p=11638"},"modified":"2024-10-07T14:24:06","modified_gmt":"2024-10-07T17:24:06","slug":"solenidade-entrega-da-viatura-destinada-a-policia-militar","status":"publish","type":"post","link":"https:\/\/camaracristais.mg.gov.br\/?p=11638","title":{"rendered":"SOLENIDADE &#8211; ENTREGA DA VIATURA DESTINADA \u00c0 POL\u00cdCIA MILITAR"},"content":{"rendered":"<p>Os vereadores Marcos Ant\u00f4nio de Souza, Roselene da Silva, Marilene Silva de Paula, Jefferson Azara Cardoso e Deisilene Martins participaram no dia 22\/06 da entrega da viatura para \u00e0 Policia Militar De Minas Gerais na cidade de Cristais.<\/p>\n<p>Al\u00e9m dos Vereadores presentes, destacaram-se tamb\u00e9m a presen\u00e7a do 1\u00ba Tenente, o Comandante Da Policia Militar Leonardo Garcia Costa, O Sargento Fagundes e Sr. Ot\u00e1vio, Assessor Pol\u00edtico do Deputado Diego Andrade.<\/p>\n<p>A aquisi\u00e7\u00e3o da viatura foi oriunda de emendas parlamentadas feitas pelo Deputado Federal Diego Andrade e a cidade de Cristais foi um entre os mais de 800 dos munic\u00edpios contemplados presentes no estado de Minas Gerais. O ve\u00edculo adquirido contribuir\u00e1 para a moderniza\u00e7\u00e3o da frota da Policia Militar (PMMG) assegurando o aumento da seguran\u00e7a e qualificando o atendimento e acompanhamento de indiv\u00edduos sob a guarda da Pol\u00edcia Militar.<\/p>\n<p>O Tenente Garcia ressaltou o compromisso pela seguran\u00e7a e bem estar da popula\u00e7\u00e3o cristalense e ressaltou que a Pol\u00edcia Militar far\u00e1 um bom uso e zelar\u00e1 pela popula\u00e7\u00e3o rural e urbana da cidade de Cristais.<\/p>\n<div style=\"width: 640px;\" class=\"wp-video\"><!--[if lt IE 9]><script>document.createElement('video');<\/script><![endif]-->\n<video class=\"wp-video-shortcode\" id=\"video-11638-1\" width=\"640\" height=\"352\" preload=\"metadata\" controls=\"controls\"><source type=\"video\/mp4\" src=\"http:\/\/camaracristais.mg.gov.br\/wp-content\/uploads\/2022\/06\/VID-20220629-WA0115.mp4?_=1\" \/><a href=\"http:\/\/camaracristais.mg.gov.br\/wp-content\/uploads\/2022\/06\/VID-20220629-WA0115.mp4\">http:\/\/camaracristais.mg.gov.br\/wp-content\/uploads\/2022\/06\/VID-20220629-WA0115.mp4<\/a><\/video><\/div>\n<p><img loading=\"lazy\" decoding=\"async\" class=\"alignnone size-medium wp-image-11640\" src=\"http:\/\/camaracristais.mg.gov.br\/wp-content\/uploads\/2022\/06\/IMG-20220629-WA0114-1-300x169.jpg\" alt=\"\" width=\"300\" height=\"169\" srcset=\"https:\/\/camaracristais.mg.gov.br\/wp-content\/uploads\/2022\/06\/IMG-20220629-WA0114-1-300x169.jpg 300w, https:\/\/camaracristais.mg.gov.br\/wp-content\/uploads\/2022\/06\/IMG-20220629-WA0114-1-768x432.jpg 768w, https:\/\/camaracristais.mg.gov.br\/wp-content\/uploads\/2022\/06\/IMG-20220629-WA0114-1-1024x576.jpg 1024w, https:\/\/camaracristais.mg.gov.br\/wp-content\/uploads\/2022\/06\/IMG-20220629-WA0114-1-696x392.jpg 696w, https:\/\/camaracristais.mg.gov.br\/wp-content\/uploads\/2022\/06\/IMG-20220629-WA0114-1-1068x601.jpg 1068w, https:\/\/camaracristais.mg.gov.br\/wp-content\/uploads\/2022\/06\/IMG-20220629-WA0114-1-747x420.jpg 747w, https:\/\/camaracristais.mg.gov.br\/wp-content\/uploads\/2022\/06\/IMG-20220629-WA0114-1.jpg 1600w\" sizes=\"auto, (max-width: 300px) 100vw, 300px\" \/> <img loading=\"lazy\" decoding=\"async\" class=\"alignnone size-medium wp-image-11641\" src=\"http:\/\/camaracristais.mg.gov.br\/wp-content\/uploads\/2022\/06\/IMG-20220629-WA0114-300x169.jpg\" alt=\"\" width=\"300\" height=\"169\" srcset=\"https:\/\/camaracristais.mg.gov.br\/wp-content\/uploads\/2022\/06\/IMG-20220629-WA0114-300x169.jpg 300w, https:\/\/camaracristais.mg.gov.br\/wp-content\/uploads\/2022\/06\/IMG-20220629-WA0114-768x432.jpg 768w, https:\/\/camaracristais.mg.gov.br\/wp-content\/uploads\/2022\/06\/IMG-20220629-WA0114-1024x576.jpg 1024w, https:\/\/camaracristais.mg.gov.br\/wp-content\/uploads\/2022\/06\/IMG-20220629-WA0114-696x392.jpg 696w, https:\/\/camaracristais.mg.gov.br\/wp-content\/uploads\/2022\/06\/IMG-20220629-WA0114-1068x601.jpg 1068w, https:\/\/camaracristais.mg.gov.br\/wp-content\/uploads\/2022\/06\/IMG-20220629-WA0114-747x420.jpg 747w, https:\/\/camaracristais.mg.gov.br\/wp-content\/uploads\/2022\/06\/IMG-20220629-WA0114.jpg 1600w\" sizes=\"auto, (max-width: 300px) 100vw, 300px\" \/> <img loading=\"lazy\" decoding=\"async\" class=\"alignnone size-medium wp-image-11642\" src=\"http:\/\/camaracristais.mg.gov.br\/wp-content\/uploads\/2022\/06\/IMG-20220629-WA0113-300x169.jpg\" alt=\"\" width=\"300\" height=\"169\" srcset=\"https:\/\/camaracristais.mg.gov.br\/wp-content\/uploads\/2022\/06\/IMG-20220629-WA0113-300x169.jpg 300w, https:\/\/camaracristais.mg.gov.br\/wp-content\/uploads\/2022\/06\/IMG-20220629-WA0113-768x432.jpg 768w, https:\/\/camaracristais.mg.gov.br\/wp-content\/uploads\/2022\/06\/IMG-20220629-WA0113-1024x576.jpg 1024w, https:\/\/camaracristais.mg.gov.br\/wp-content\/uploads\/2022\/06\/IMG-20220629-WA0113-696x392.jpg 696w, https:\/\/camaracristais.mg.gov.br\/wp-content\/uploads\/2022\/06\/IMG-20220629-WA0113-1068x601.jpg 1068w, https:\/\/camaracristais.mg.gov.br\/wp-content\/uploads\/2022\/06\/IMG-20220629-WA0113-747x420.jpg 747w, https:\/\/camaracristais.mg.gov.br\/wp-content\/uploads\/2022\/06\/IMG-20220629-WA0113.jpg 1600w\" sizes=\"auto, (max-width: 300px) 100vw, 300px\" \/> <img loading=\"lazy\" decoding=\"async\" class=\"alignnone size-medium wp-image-11643\" src=\"http:\/\/camaracristais.mg.gov.br\/wp-content\/uploads\/2022\/06\/IMG-20220629-WA0112-1-300x169.jpg\" alt=\"\" width=\"300\" height=\"169\" srcset=\"https:\/\/camaracristais.mg.gov.br\/wp-content\/uploads\/2022\/06\/IMG-20220629-WA0112-1-300x169.jpg 300w, https:\/\/camaracristais.mg.gov.br\/wp-content\/uploads\/2022\/06\/IMG-20220629-WA0112-1-768x432.jpg 768w, https:\/\/camaracristais.mg.gov.br\/wp-content\/uploads\/2022\/06\/IMG-20220629-WA0112-1-1024x576.jpg 1024w, https:\/\/camaracristais.mg.gov.br\/wp-content\/uploads\/2022\/06\/IMG-20220629-WA0112-1-696x392.jpg 696w, https:\/\/camaracristais.mg.gov.br\/wp-content\/uploads\/2022\/06\/IMG-20220629-WA0112-1-1068x601.jpg 1068w, https:\/\/camaracristais.mg.gov.br\/wp-content\/uploads\/2022\/06\/IMG-20220629-WA0112-1-747x420.jpg 747w, https:\/\/camaracristais.mg.gov.br\/wp-content\/uploads\/2022\/06\/IMG-20220629-WA0112-1.jpg 1600w\" sizes=\"auto, (max-width: 300px) 100vw, 300px\" \/><\/p>\n","protected":false},"excerpt":{"rendered":"<p>Os vereadores Marcos Ant\u00f4nio de Souza, Roselene da Silva, Marilene Silva de Paula, Jefferson Azara Cardoso e Deisilene Martins participaram no dia 22\/06 da entrega da viatura para \u00e0 Policia [&hellip;]<\/p>\n","protected":false},"author":9,"featured_media":11641,"comment_status":"open","ping_status":"open","sticky":false,"template":"","format":"standard","meta":{"footnotes":""},"categories":[45],"tags":[],"class_list":["post-11638","post","type-post","status-publish","format-standard","has-post-thumbnail","hentry","category-noticias"],"_links":{"self":[{"href":"https:\/\/camaracristais.mg.gov.br\/index.php?rest_route=\/wp\/v2\/posts\/11638","targetHints":{"allow":["GET"]}}],"collection":[{"href":"https:\/\/camaracristais.mg.gov.br\/index.php?rest_route=\/wp\/v2\/posts"}],"about":[{"href":"https:\/\/camaracristais.mg.gov.br\/index.php?rest_route=\/wp\/v2\/types\/post"}],"author":[{"embeddable":true,"href":"https:\/\/camaracristais.mg.gov.br\/index.php?rest_route=\/wp\/v2\/users\/9"}],"replies":[{"embeddable":true,"href":"https:\/\/camaracristais.mg.gov.br\/index.php?rest_route=%2Fwp%2Fv2%2Fcomments&post=11638"}],"version-history":[{"count":1,"href":"https:\/\/camaracristais.mg.gov.br\/index.php?rest_route=\/wp\/v2\/posts\/11638\/revisions"}],"predecessor-version":[{"id":11644,"href":"https:\/\/camaracristais.mg.gov.br\/index.php?rest_route=\/wp\/v2\/posts\/11638\/revisions\/11644"}],"wp:featuredmedia":[{"embeddable":true,"href":"https:\/\/camaracristais.mg.gov.br\/index.php?rest_route=\/wp\/v2\/media\/11641"}],"wp:attachment":[{"href":"https:\/\/camaracristais.mg.gov.br\/index.php?rest_route=%2Fwp%2Fv2%2Fmedia&parent=11638"}],"wp:term":[{"taxonomy":"category","embeddable":true,"href":"https:\/\/camaracristais.mg.gov.br\/index.php?rest_route=%2Fwp%2Fv2%2Fcategories&post=11638"},{"taxonomy":"post_tag","embeddable":true,"href":"https:\/\/camaracristais.mg.gov.br\/index.php?rest_route=%2Fwp%2Fv2%2Ftags&post=11638"}],"curies":[{"name":"wp","href":"https:\/\/api.w.org\/{rel}","templated":true}]}}