{"id":11624,"date":"2022-06-29T15:23:38","date_gmt":"2022-06-29T18:23:38","guid":{"rendered":"http:\/\/camaracristais.mg.gov.br\/?p=11624"},"modified":"2024-10-07T14:24:06","modified_gmt":"2024-10-07T17:24:06","slug":"solenidade-dia-da-cidade","status":"publish","type":"post","link":"https:\/\/camaracristais.mg.gov.br\/?p=11624","title":{"rendered":"SOLENIDADE \u2013 DIA DA CIDADE"},"content":{"rendered":"<p>No dia 04 de Junho foi comemorado os 74 anos de emancipa\u00e7\u00e3o pol\u00edtico-administrativa da cidade de Cristais. A popula\u00e7\u00e3o foi prestigiada com uma semana de v\u00e1rias atra\u00e7\u00f5es e atividades para homenagear nossa querida Cristais.<\/p>\n<p>O Poder Legislativo esteve presente em todas as comemora\u00e7\u00f5es e atividades solenes junto \u00e0 popula\u00e7\u00e3o para comemorar este dia t\u00e3o especial e memor\u00e1vel para nossa cidade.<\/p>\n<p>Durante toda a semana houve atra\u00e7\u00f5es p\u00fablicas em v\u00e1rios locais p\u00fablicos municipais, destacando-se as atra\u00e7\u00f5es no Pa\u00e7o Municipal, onde contou-se com presen\u00e7as ilustres de \u00e2mbito federal, estadual e municipal.<\/p>\n<p>Entres as autoridades federais, destacaram-se o deputado Mauro Lopes e no \u00e2mbito estadual os deputados Duarte Bechir e Professor Irineu. Al\u00e9m dos prefeitos municipais Dr. Alisson de Assis Carvalho e vice prefeito Adalberto Lopes da cidade de Campo Belo; do prefeito Jos\u00e9 Marcio e vice prefeito Ricardo Paieira da cidade de Aguanil; do prefeito Nelson Lara da cidade de Guap\u00e9 e do ex prefeito de Santana de Jacar\u00e9 Aleiris Soares Viana.<\/p>\n<p>Al\u00e9m de estar presente nos desfiles c\u00edvicos, o Poder Legislativo tamb\u00e9m esteve presente na entrega de uniformes para todas as escolas municipais e tamb\u00e9m marcaram presen\u00e7a durante a entrega de pr\u00eamios no campeonato Brazil Cup que ocorreu no domingo 5 de Junho na Balsa Porto Fernandes.<\/p>\n<p>Por fim, a C\u00e2mara Municipal de Cristais, leg\u00edtima representante do povo, parabeniza ao Prefeito Djalma Carvalho e seu vice Leonardo Oliveira pelas \u00f3timas festividades que ocorreram durante toda a semana e parabeniza mais uma vez nossa cidade, deixando seus votos de compromisso e transpar\u00eancia para com a popula\u00e7\u00e3o.<\/p>\n<p><img loading=\"lazy\" decoding=\"async\" class=\"alignnone size-medium wp-image-11626\" src=\"http:\/\/camaracristais.mg.gov.br\/wp-content\/uploads\/2022\/06\/IMG-20220622-WA0010-300x225.jpg\" alt=\"\" width=\"300\" height=\"225\" srcset=\"https:\/\/camaracristais.mg.gov.br\/wp-content\/uploads\/2022\/06\/IMG-20220622-WA0010-300x225.jpg 300w, https:\/\/camaracristais.mg.gov.br\/wp-content\/uploads\/2022\/06\/IMG-20220622-WA0010-768x576.jpg 768w, https:\/\/camaracristais.mg.gov.br\/wp-content\/uploads\/2022\/06\/IMG-20220622-WA0010-1024x768.jpg 1024w, https:\/\/camaracristais.mg.gov.br\/wp-content\/uploads\/2022\/06\/IMG-20220622-WA0010-80x60.jpg 80w, https:\/\/camaracristais.mg.gov.br\/wp-content\/uploads\/2022\/06\/IMG-20220622-WA0010-265x198.jpg 265w, https:\/\/camaracristais.mg.gov.br\/wp-content\/uploads\/2022\/06\/IMG-20220622-WA0010-696x522.jpg 696w, https:\/\/camaracristais.mg.gov.br\/wp-content\/uploads\/2022\/06\/IMG-20220622-WA0010-1068x801.jpg 1068w, https:\/\/camaracristais.mg.gov.br\/wp-content\/uploads\/2022\/06\/IMG-20220622-WA0010-560x420.jpg 560w, https:\/\/camaracristais.mg.gov.br\/wp-content\/uploads\/2022\/06\/IMG-20220622-WA0010.jpg 1280w\" sizes=\"auto, (max-width: 300px) 100vw, 300px\" \/><img loading=\"lazy\" decoding=\"async\" class=\"alignnone size-medium wp-image-11626\" src=\"http:\/\/camaracristais.mg.gov.br\/wp-content\/uploads\/2022\/06\/IMG-20220622-WA0010-300x225.jpg\" alt=\"\" width=\"300\" height=\"225\" srcset=\"https:\/\/camaracristais.mg.gov.br\/wp-content\/uploads\/2022\/06\/IMG-20220622-WA0010-300x225.jpg 300w, https:\/\/camaracristais.mg.gov.br\/wp-content\/uploads\/2022\/06\/IMG-20220622-WA0010-768x576.jpg 768w, https:\/\/camaracristais.mg.gov.br\/wp-content\/uploads\/2022\/06\/IMG-20220622-WA0010-1024x768.jpg 1024w, https:\/\/camaracristais.mg.gov.br\/wp-content\/uploads\/2022\/06\/IMG-20220622-WA0010-80x60.jpg 80w, https:\/\/camaracristais.mg.gov.br\/wp-content\/uploads\/2022\/06\/IMG-20220622-WA0010-265x198.jpg 265w, https:\/\/camaracristais.mg.gov.br\/wp-content\/uploads\/2022\/06\/IMG-20220622-WA0010-696x522.jpg 696w, https:\/\/camaracristais.mg.gov.br\/wp-content\/uploads\/2022\/06\/IMG-20220622-WA0010-1068x801.jpg 1068w, https:\/\/camaracristais.mg.gov.br\/wp-content\/uploads\/2022\/06\/IMG-20220622-WA0010-560x420.jpg 560w, https:\/\/camaracristais.mg.gov.br\/wp-content\/uploads\/2022\/06\/IMG-20220622-WA0010.jpg 1280w\" sizes=\"auto, (max-width: 300px) 100vw, 300px\" \/><img loading=\"lazy\" decoding=\"async\" class=\"alignnone size-medium wp-image-11627\" src=\"http:\/\/camaracristais.mg.gov.br\/wp-content\/uploads\/2022\/06\/IMG-20220622-WA0009-300x225.jpg\" alt=\"\" width=\"300\" height=\"225\" srcset=\"https:\/\/camaracristais.mg.gov.br\/wp-content\/uploads\/2022\/06\/IMG-20220622-WA0009-300x225.jpg 300w, https:\/\/camaracristais.mg.gov.br\/wp-content\/uploads\/2022\/06\/IMG-20220622-WA0009-768x576.jpg 768w, https:\/\/camaracristais.mg.gov.br\/wp-content\/uploads\/2022\/06\/IMG-20220622-WA0009-1024x768.jpg 1024w, https:\/\/camaracristais.mg.gov.br\/wp-content\/uploads\/2022\/06\/IMG-20220622-WA0009-80x60.jpg 80w, https:\/\/camaracristais.mg.gov.br\/wp-content\/uploads\/2022\/06\/IMG-20220622-WA0009-265x198.jpg 265w, https:\/\/camaracristais.mg.gov.br\/wp-content\/uploads\/2022\/06\/IMG-20220622-WA0009-696x522.jpg 696w, https:\/\/camaracristais.mg.gov.br\/wp-content\/uploads\/2022\/06\/IMG-20220622-WA0009-1068x801.jpg 1068w, https:\/\/camaracristais.mg.gov.br\/wp-content\/uploads\/2022\/06\/IMG-20220622-WA0009-560x420.jpg 560w, https:\/\/camaracristais.mg.gov.br\/wp-content\/uploads\/2022\/06\/IMG-20220622-WA0009.jpg 1280w\" sizes=\"auto, (max-width: 300px) 100vw, 300px\" \/><img loading=\"lazy\" decoding=\"async\" class=\"alignnone size-medium wp-image-11625\" src=\"http:\/\/camaracristais.mg.gov.br\/wp-content\/uploads\/2022\/06\/IMG-20220622-WA0011-300x225.jpg\" alt=\"\" width=\"300\" height=\"225\" srcset=\"https:\/\/camaracristais.mg.gov.br\/wp-content\/uploads\/2022\/06\/IMG-20220622-WA0011-300x225.jpg 300w, https:\/\/camaracristais.mg.gov.br\/wp-content\/uploads\/2022\/06\/IMG-20220622-WA0011-768x576.jpg 768w, https:\/\/camaracristais.mg.gov.br\/wp-content\/uploads\/2022\/06\/IMG-20220622-WA0011-1024x768.jpg 1024w, https:\/\/camaracristais.mg.gov.br\/wp-content\/uploads\/2022\/06\/IMG-20220622-WA0011-80x60.jpg 80w, https:\/\/camaracristais.mg.gov.br\/wp-content\/uploads\/2022\/06\/IMG-20220622-WA0011-265x198.jpg 265w, https:\/\/camaracristais.mg.gov.br\/wp-content\/uploads\/2022\/06\/IMG-20220622-WA0011-696x522.jpg 696w, https:\/\/camaracristais.mg.gov.br\/wp-content\/uploads\/2022\/06\/IMG-20220622-WA0011-1068x801.jpg 1068w, https:\/\/camaracristais.mg.gov.br\/wp-content\/uploads\/2022\/06\/IMG-20220622-WA0011-560x420.jpg 560w, https:\/\/camaracristais.mg.gov.br\/wp-content\/uploads\/2022\/06\/IMG-20220622-WA0011.jpg 1280w\" sizes=\"auto, (max-width: 300px) 100vw, 300px\" \/><img loading=\"lazy\" decoding=\"async\" class=\"alignnone size-medium wp-image-11628\" src=\"http:\/\/camaracristais.mg.gov.br\/wp-content\/uploads\/2022\/06\/IMG-20220622-WA0006-300x225.jpg\" alt=\"\" width=\"300\" height=\"225\" srcset=\"https:\/\/camaracristais.mg.gov.br\/wp-content\/uploads\/2022\/06\/IMG-20220622-WA0006-300x225.jpg 300w, https:\/\/camaracristais.mg.gov.br\/wp-content\/uploads\/2022\/06\/IMG-20220622-WA0006-768x576.jpg 768w, https:\/\/camaracristais.mg.gov.br\/wp-content\/uploads\/2022\/06\/IMG-20220622-WA0006-1024x768.jpg 1024w, https:\/\/camaracristais.mg.gov.br\/wp-content\/uploads\/2022\/06\/IMG-20220622-WA0006-80x60.jpg 80w, https:\/\/camaracristais.mg.gov.br\/wp-content\/uploads\/2022\/06\/IMG-20220622-WA0006-265x198.jpg 265w, https:\/\/camaracristais.mg.gov.br\/wp-content\/uploads\/2022\/06\/IMG-20220622-WA0006-696x522.jpg 696w, https:\/\/camaracristais.mg.gov.br\/wp-content\/uploads\/2022\/06\/IMG-20220622-WA0006-1068x801.jpg 1068w, https:\/\/camaracristais.mg.gov.br\/wp-content\/uploads\/2022\/06\/IMG-20220622-WA0006-560x420.jpg 560w, https:\/\/camaracristais.mg.gov.br\/wp-content\/uploads\/2022\/06\/IMG-20220622-WA0006.jpg 1280w\" sizes=\"auto, (max-width: 300px) 100vw, 300px\" \/> <img loading=\"lazy\" decoding=\"async\" class=\"alignnone size-medium wp-image-11629\" src=\"http:\/\/camaracristais.mg.gov.br\/wp-content\/uploads\/2022\/06\/IMG-20220622-WA0005-300x225.jpg\" alt=\"\" width=\"300\" height=\"225\" srcset=\"https:\/\/camaracristais.mg.gov.br\/wp-content\/uploads\/2022\/06\/IMG-20220622-WA0005-300x225.jpg 300w, https:\/\/camaracristais.mg.gov.br\/wp-content\/uploads\/2022\/06\/IMG-20220622-WA0005-768x576.jpg 768w, https:\/\/camaracristais.mg.gov.br\/wp-content\/uploads\/2022\/06\/IMG-20220622-WA0005-1024x768.jpg 1024w, https:\/\/camaracristais.mg.gov.br\/wp-content\/uploads\/2022\/06\/IMG-20220622-WA0005-80x60.jpg 80w, https:\/\/camaracristais.mg.gov.br\/wp-content\/uploads\/2022\/06\/IMG-20220622-WA0005-265x198.jpg 265w, https:\/\/camaracristais.mg.gov.br\/wp-content\/uploads\/2022\/06\/IMG-20220622-WA0005-696x522.jpg 696w, https:\/\/camaracristais.mg.gov.br\/wp-content\/uploads\/2022\/06\/IMG-20220622-WA0005-1068x801.jpg 1068w, https:\/\/camaracristais.mg.gov.br\/wp-content\/uploads\/2022\/06\/IMG-20220622-WA0005-560x420.jpg 560w, https:\/\/camaracristais.mg.gov.br\/wp-content\/uploads\/2022\/06\/IMG-20220622-WA0005.jpg 1280w\" sizes=\"auto, (max-width: 300px) 100vw, 300px\" \/> <img loading=\"lazy\" decoding=\"async\" class=\"alignnone size-medium wp-image-11630\" src=\"http:\/\/camaracristais.mg.gov.br\/wp-content\/uploads\/2022\/06\/IMG-20220622-WA0003-300x225.jpg\" alt=\"\" width=\"300\" height=\"225\" srcset=\"https:\/\/camaracristais.mg.gov.br\/wp-content\/uploads\/2022\/06\/IMG-20220622-WA0003-300x225.jpg 300w, https:\/\/camaracristais.mg.gov.br\/wp-content\/uploads\/2022\/06\/IMG-20220622-WA0003-768x576.jpg 768w, https:\/\/camaracristais.mg.gov.br\/wp-content\/uploads\/2022\/06\/IMG-20220622-WA0003-1024x768.jpg 1024w, https:\/\/camaracristais.mg.gov.br\/wp-content\/uploads\/2022\/06\/IMG-20220622-WA0003-80x60.jpg 80w, https:\/\/camaracristais.mg.gov.br\/wp-content\/uploads\/2022\/06\/IMG-20220622-WA0003-265x198.jpg 265w, https:\/\/camaracristais.mg.gov.br\/wp-content\/uploads\/2022\/06\/IMG-20220622-WA0003-696x522.jpg 696w, https:\/\/camaracristais.mg.gov.br\/wp-content\/uploads\/2022\/06\/IMG-20220622-WA0003-1068x801.jpg 1068w, https:\/\/camaracristais.mg.gov.br\/wp-content\/uploads\/2022\/06\/IMG-20220622-WA0003-560x420.jpg 560w, https:\/\/camaracristais.mg.gov.br\/wp-content\/uploads\/2022\/06\/IMG-20220622-WA0003.jpg 1280w\" sizes=\"auto, (max-width: 300px) 100vw, 300px\" \/> <img loading=\"lazy\" decoding=\"async\" class=\"alignnone size-medium wp-image-11631\" src=\"http:\/\/camaracristais.mg.gov.br\/wp-content\/uploads\/2022\/06\/IMG-20220622-WA0002-300x225.jpg\" alt=\"\" width=\"300\" height=\"225\" \/> <img loading=\"lazy\" decoding=\"async\" class=\"alignnone size-medium wp-image-11632\" src=\"http:\/\/camaracristais.mg.gov.br\/wp-content\/uploads\/2022\/06\/IMG-20220621-WA0104-300x225.jpg\" alt=\"\" width=\"300\" height=\"225\" srcset=\"https:\/\/camaracristais.mg.gov.br\/wp-content\/uploads\/2022\/06\/IMG-20220621-WA0104-300x225.jpg 300w, https:\/\/camaracristais.mg.gov.br\/wp-content\/uploads\/2022\/06\/IMG-20220621-WA0104-768x576.jpg 768w, https:\/\/camaracristais.mg.gov.br\/wp-content\/uploads\/2022\/06\/IMG-20220621-WA0104-1024x768.jpg 1024w, https:\/\/camaracristais.mg.gov.br\/wp-content\/uploads\/2022\/06\/IMG-20220621-WA0104-80x60.jpg 80w, https:\/\/camaracristais.mg.gov.br\/wp-content\/uploads\/2022\/06\/IMG-20220621-WA0104-265x198.jpg 265w, https:\/\/camaracristais.mg.gov.br\/wp-content\/uploads\/2022\/06\/IMG-20220621-WA0104-696x522.jpg 696w, https:\/\/camaracristais.mg.gov.br\/wp-content\/uploads\/2022\/06\/IMG-20220621-WA0104-1068x801.jpg 1068w, https:\/\/camaracristais.mg.gov.br\/wp-content\/uploads\/2022\/06\/IMG-20220621-WA0104-560x420.jpg 560w, https:\/\/camaracristais.mg.gov.br\/wp-content\/uploads\/2022\/06\/IMG-20220621-WA0104.jpg 1600w\" sizes=\"auto, (max-width: 300px) 100vw, 300px\" \/> <img loading=\"lazy\" decoding=\"async\" class=\"alignnone size-medium wp-image-11633\" src=\"http:\/\/camaracristais.mg.gov.br\/wp-content\/uploads\/2022\/06\/IMG-20220621-WA0103-300x225.jpg\" alt=\"\" width=\"300\" height=\"225\" srcset=\"https:\/\/camaracristais.mg.gov.br\/wp-content\/uploads\/2022\/06\/IMG-20220621-WA0103-300x225.jpg 300w, https:\/\/camaracristais.mg.gov.br\/wp-content\/uploads\/2022\/06\/IMG-20220621-WA0103-768x576.jpg 768w, https:\/\/camaracristais.mg.gov.br\/wp-content\/uploads\/2022\/06\/IMG-20220621-WA0103-1024x768.jpg 1024w, https:\/\/camaracristais.mg.gov.br\/wp-content\/uploads\/2022\/06\/IMG-20220621-WA0103-80x60.jpg 80w, https:\/\/camaracristais.mg.gov.br\/wp-content\/uploads\/2022\/06\/IMG-20220621-WA0103-265x198.jpg 265w, https:\/\/camaracristais.mg.gov.br\/wp-content\/uploads\/2022\/06\/IMG-20220621-WA0103-696x522.jpg 696w, https:\/\/camaracristais.mg.gov.br\/wp-content\/uploads\/2022\/06\/IMG-20220621-WA0103-1068x801.jpg 1068w, https:\/\/camaracristais.mg.gov.br\/wp-content\/uploads\/2022\/06\/IMG-20220621-WA0103-560x420.jpg 560w, https:\/\/camaracristais.mg.gov.br\/wp-content\/uploads\/2022\/06\/IMG-20220621-WA0103.jpg 1600w\" sizes=\"auto, (max-width: 300px) 100vw, 300px\" \/> <img loading=\"lazy\" decoding=\"async\" class=\"alignnone size-medium wp-image-11634\" src=\"http:\/\/camaracristais.mg.gov.br\/wp-content\/uploads\/2022\/06\/IMG-20220621-WA0101-300x225.jpg\" alt=\"\" width=\"300\" height=\"225\" srcset=\"https:\/\/camaracristais.mg.gov.br\/wp-content\/uploads\/2022\/06\/IMG-20220621-WA0101-300x225.jpg 300w, https:\/\/camaracristais.mg.gov.br\/wp-content\/uploads\/2022\/06\/IMG-20220621-WA0101-768x576.jpg 768w, https:\/\/camaracristais.mg.gov.br\/wp-content\/uploads\/2022\/06\/IMG-20220621-WA0101-1024x768.jpg 1024w, https:\/\/camaracristais.mg.gov.br\/wp-content\/uploads\/2022\/06\/IMG-20220621-WA0101-80x60.jpg 80w, https:\/\/camaracristais.mg.gov.br\/wp-content\/uploads\/2022\/06\/IMG-20220621-WA0101-265x198.jpg 265w, https:\/\/camaracristais.mg.gov.br\/wp-content\/uploads\/2022\/06\/IMG-20220621-WA0101-696x522.jpg 696w, https:\/\/camaracristais.mg.gov.br\/wp-content\/uploads\/2022\/06\/IMG-20220621-WA0101-1068x801.jpg 1068w, https:\/\/camaracristais.mg.gov.br\/wp-content\/uploads\/2022\/06\/IMG-20220621-WA0101-560x420.jpg 560w, https:\/\/camaracristais.mg.gov.br\/wp-content\/uploads\/2022\/06\/IMG-20220621-WA0101.jpg 1600w\" sizes=\"auto, (max-width: 300px) 100vw, 300px\" \/> <img loading=\"lazy\" decoding=\"async\" class=\"alignnone size-medium wp-image-11635\" src=\"http:\/\/camaracristais.mg.gov.br\/wp-content\/uploads\/2022\/06\/IMG-20220621-WA0091-300x225.jpg\" alt=\"\" width=\"300\" height=\"225\" srcset=\"https:\/\/camaracristais.mg.gov.br\/wp-content\/uploads\/2022\/06\/IMG-20220621-WA0091-300x225.jpg 300w, https:\/\/camaracristais.mg.gov.br\/wp-content\/uploads\/2022\/06\/IMG-20220621-WA0091-768x576.jpg 768w, https:\/\/camaracristais.mg.gov.br\/wp-content\/uploads\/2022\/06\/IMG-20220621-WA0091-1024x768.jpg 1024w, https:\/\/camaracristais.mg.gov.br\/wp-content\/uploads\/2022\/06\/IMG-20220621-WA0091-80x60.jpg 80w, https:\/\/camaracristais.mg.gov.br\/wp-content\/uploads\/2022\/06\/IMG-20220621-WA0091-265x198.jpg 265w, https:\/\/camaracristais.mg.gov.br\/wp-content\/uploads\/2022\/06\/IMG-20220621-WA0091-696x522.jpg 696w, https:\/\/camaracristais.mg.gov.br\/wp-content\/uploads\/2022\/06\/IMG-20220621-WA0091-1068x801.jpg 1068w, https:\/\/camaracristais.mg.gov.br\/wp-content\/uploads\/2022\/06\/IMG-20220621-WA0091-560x420.jpg 560w, https:\/\/camaracristais.mg.gov.br\/wp-content\/uploads\/2022\/06\/IMG-20220621-WA0091.jpg 1600w\" sizes=\"auto, (max-width: 300px) 100vw, 300px\" \/> <img loading=\"lazy\" decoding=\"async\" class=\"alignnone size-medium wp-image-11636\" src=\"http:\/\/camaracristais.mg.gov.br\/wp-content\/uploads\/2022\/06\/IMG-20220621-WA0089-300x225.jpg\" alt=\"\" width=\"300\" height=\"225\" srcset=\"https:\/\/camaracristais.mg.gov.br\/wp-content\/uploads\/2022\/06\/IMG-20220621-WA0089-300x225.jpg 300w, https:\/\/camaracristais.mg.gov.br\/wp-content\/uploads\/2022\/06\/IMG-20220621-WA0089-768x576.jpg 768w, https:\/\/camaracristais.mg.gov.br\/wp-content\/uploads\/2022\/06\/IMG-20220621-WA0089-1024x768.jpg 1024w, https:\/\/camaracristais.mg.gov.br\/wp-content\/uploads\/2022\/06\/IMG-20220621-WA0089-80x60.jpg 80w, https:\/\/camaracristais.mg.gov.br\/wp-content\/uploads\/2022\/06\/IMG-20220621-WA0089-265x198.jpg 265w, https:\/\/camaracristais.mg.gov.br\/wp-content\/uploads\/2022\/06\/IMG-20220621-WA0089-696x522.jpg 696w, https:\/\/camaracristais.mg.gov.br\/wp-content\/uploads\/2022\/06\/IMG-20220621-WA0089-1068x801.jpg 1068w, https:\/\/camaracristais.mg.gov.br\/wp-content\/uploads\/2022\/06\/IMG-20220621-WA0089-560x420.jpg 560w, https:\/\/camaracristais.mg.gov.br\/wp-content\/uploads\/2022\/06\/IMG-20220621-WA0089.jpg 1600w\" sizes=\"auto, (max-width: 300px) 100vw, 300px\" \/><\/p>\n","protected":false},"excerpt":{"rendered":"<p>No dia 04 de Junho foi comemorado os 74 anos de emancipa\u00e7\u00e3o pol\u00edtico-administrativa da cidade de Cristais. A popula\u00e7\u00e3o foi prestigiada com uma semana de v\u00e1rias atra\u00e7\u00f5es e atividades para [&hellip;]<\/p>\n","protected":false},"author":9,"featured_media":11626,"comment_status":"open","ping_status":"open","sticky":false,"template":"","format":"standard","meta":{"footnotes":""},"categories":[45],"tags":[460,458,459],"class_list":["post-11624","post","type-post","status-publish","format-standard","has-post-thumbnail","hentry","category-noticias","tag-cristaismg","tag-dia-da-cidade","tag-diadacidade"],"_links":{"self":[{"href":"https:\/\/camaracristais.mg.gov.br\/index.php?rest_route=\/wp\/v2\/posts\/11624","targetHints":{"allow":["GET"]}}],"collection":[{"href":"https:\/\/camaracristais.mg.gov.br\/index.php?rest_route=\/wp\/v2\/posts"}],"about":[{"href":"https:\/\/camaracristais.mg.gov.br\/index.php?rest_route=\/wp\/v2\/types\/post"}],"author":[{"embeddable":true,"href":"https:\/\/camaracristais.mg.gov.br\/index.php?rest_route=\/wp\/v2\/users\/9"}],"replies":[{"embeddable":true,"href":"https:\/\/camaracristais.mg.gov.br\/index.php?rest_route=%2Fwp%2Fv2%2Fcomments&post=11624"}],"version-history":[{"count":1,"href":"https:\/\/camaracristais.mg.gov.br\/index.php?rest_route=\/wp\/v2\/posts\/11624\/revisions"}],"predecessor-version":[{"id":11637,"href":"https:\/\/camaracristais.mg.gov.br\/index.php?rest_route=\/wp\/v2\/posts\/11624\/revisions\/11637"}],"wp:featuredmedia":[{"embeddable":true,"href":"https:\/\/camaracristais.mg.gov.br\/index.php?rest_route=\/wp\/v2\/media\/11626"}],"wp:attachment":[{"href":"https:\/\/camaracristais.mg.gov.br\/index.php?rest_route=%2Fwp%2Fv2%2Fmedia&parent=11624"}],"wp:term":[{"taxonomy":"category","embeddable":true,"href":"https:\/\/camaracristais.mg.gov.br\/index.php?rest_route=%2Fwp%2Fv2%2Fcategories&post=11624"},{"taxonomy":"post_tag","embeddable":true,"href":"https:\/\/camaracristais.mg.gov.br\/index.php?rest_route=%2Fwp%2Fv2%2Ftags&post=11624"}],"curies":[{"name":"wp","href":"https:\/\/api.w.org\/{rel}","templated":true}]}}