{"id":11601,"date":"2021-11-24T11:14:54","date_gmt":"2021-11-24T14:14:54","guid":{"rendered":"http:\/\/camaracristais.mg.gov.br\/?p=11601"},"modified":"2024-10-07T14:24:06","modified_gmt":"2024-10-07T17:24:06","slug":"27o-programa-semanal-da-camara-municipal-na-radio-cristal-fm","status":"publish","type":"post","link":"https:\/\/camaracristais.mg.gov.br\/?p=11601","title":{"rendered":"27\u00ba Programa semanal da C\u00e2mara Municipal na R\u00e1dio Cristal FM"},"content":{"rendered":"<p>Em reuni\u00e3o no dia 22 de novembro, os Vereadores da C\u00e2mara Municipal, realizaram a quadrag\u00e9sima primeira reuni\u00e3o ordin\u00e1ria de 2021.\u00a0 Na pauta de vota\u00e7\u00e3o constava 6 (seis) Projetos de Lei de autoria do Poder Executivo e 1 (uma) Indica\u00e7\u00e3o. Sem a parceria dos Vereadores e Poder Executivo, muitas melhorias para a popula\u00e7\u00e3o cristalense, n\u00e3o poderiam estar sendo realizadas na cidade.<\/p>\n<p>Para <strong>Secretaria de Obras e Servi\u00e7os P\u00fablicos, <\/strong>n\u00f3s Vereadores aprovamos e liberamos o Projeto de Lei que abre credito junto ao Banco do Brasil para aquisi\u00e7\u00e3o de patrulha mecanizada que tem como objetivo renovar e ampliar a frota que atua na Secretaria, imprimindo maior agilidade na execu\u00e7\u00e3o dos servi\u00e7os, amplia\u00e7\u00e3o da \u00e1rea de atua\u00e7\u00e3o, bem como a maior efici\u00eancia na realiza\u00e7\u00e3o, al\u00e9m de gerar economia com mec\u00e2nica e manuten\u00e7\u00e3o.<\/p>\n<p>Liberamos e aprovamos o Projeto de Lei que disp\u00f5e sobre a abertura de credito adicional suplementar no valor de R$33.000,00 (trinta e tr\u00eas mil reais) para aquisi\u00e7\u00e3o de materiais de consumo e realiza\u00e7\u00e3o de melhorias nas estradas vicinais.<\/p>\n<p>Para a secretaria de Educa\u00e7\u00e3o, liberamos e aprovamos o Projeto de Lei no valor de R$ 205,203,37 (duzentos e cinco mil, duzentos e tr\u00eas reais e trinta e sete centavos), que tem como objetivo a suplementa\u00e7\u00e3o relativa \u00e0 complementa\u00e7\u00e3o de recursos oriundos do novo FUNDEB. A complementa\u00e7\u00e3o VAAT \u00e9 uma das tr\u00eas modalidades da complementa\u00e7\u00e3o da uni\u00e3o ao novo Fundeb, estabelecida na emenda constitucional 108\/2020 e regulamentada pela Lei 14.113\/2020, tendo ainda a portaria 4\/2021 que estabelece regras para utiliza\u00e7\u00e3o desse recurso. Dessa forma os recursos ser\u00e3o suplementados para pagamento de profissionais da educa\u00e7\u00e3o infantil; aquisi\u00e7\u00e3o de bem permanente para ensino fundamental; pessoa jur\u00eddica da educa\u00e7\u00e3o infantil; aquisi\u00e7\u00e3o de material permanente para educa\u00e7\u00e3o infantil.<\/p>\n<p>Dentro da Secretaria de Educa\u00e7\u00e3o, tamb\u00e9m liberamos e a aprovamos o Projeto de Lei que abre credito adicional no valor de R$135.000,00 (trinta e tr\u00eas mil reais), para dota\u00e7\u00e3o de pagamento de taxas cartoriais relativas \u00e0 averba\u00e7\u00e3o do Pr\u00e9dio da Secretaria Municipal de Educa\u00e7\u00e3o, se fazendo necess\u00e1ria para realiza\u00e7\u00e3o de realiza\u00e7\u00e3o de reformas na Igreja Matriz Nossa Senhora da Ajuda do Rio Grande de Cristais, Patrim\u00f4nio tombado em nosso munic\u00edpio.<\/p>\n<p>Para a <strong>Secretaria de Sa\u00fade<\/strong>, liberamos e aprovamos o Projeto de Lei que abre credito no valor de R$220.000,00 (duzentos e vinte mil reais) para compra de equipamentos e materiais permanente para o Centro de Fisioterapia Municipal.<\/p>\n<p>Para a Seguran\u00e7a P\u00fablica, liberamos e aprovamos o Projeto de Lei que abre credito no valor de R$10.000,00 (dez mil reais) para visibilizar o repasse desse valor, como contribui\u00e7\u00e3o do munic\u00edpio a ARPA Rio Grande, para aquisi\u00e7\u00e3o de um autom\u00f3vel que tamb\u00e9m atende nosso munic\u00edpio. Esse valor disponibilizado pelo munic\u00edpio de Cristais, tamb\u00e9m est\u00e1 sendo disponibilizado por todos os munic\u00edpios que essa Policia ambiental faz patrulhamento.<\/p>\n<p>De autoria da Vereadora Deisilene Martins, liberamos e aprovamos a indica\u00e7\u00e3o que visa a possibilidade de que seja constru\u00eddo mini po\u00e7os artesianos para fam\u00edlias carentes residentes nas comunidades rurais do munic\u00edpio, as que vem enfrentando h\u00e1 tempos, dificuldades no acesso de \u00e1gua pot\u00e1vel, tendo em vista que nessas localidades a \u00e1gua \u00e9 obtida de cisternas que n\u00e3o possuem os requisitos m\u00ednimos de seguran\u00e7a e higiene para garantir uma proced\u00eancia confi\u00e1vel desta \u00e1gua.<\/p>\n<p>Ao cidad\u00e3o cristalense e ouvinte da r\u00e1dio Cristal FM, que deseja acompanhar mais o nosso trabalho na C\u00e2mara durante as Reuni\u00f5es Ordin\u00e1rias que acontecem durante todas as segundas feiras \u00e0s 18h, e saber sobre os of\u00edcios, indica\u00e7\u00f5es e Projetos de Leis, basta se conectar ao nosso canal no Youtube \u2013 \u201c<u>C\u00e2mara Municipal de Cristais\u201d <\/u>\u00a0e ao nosso site <a href=\"http:\/\/www.camaracristais.mg.gov.br\">www.camaracristais.mg.gov.br<\/a>.<\/p>\n<p>No site da C\u00e2mara voc\u00ea pode conferir as atas das reuni\u00f5es, as indica\u00e7\u00f5es dos Vereadores para o Poder Executivo, as Leis que est\u00e3o em vigor, assim como na aba da Transpar\u00eancia, conferir as despesas do Legislativo, como folha de pagamento, di\u00e1rias de viagens, gastos com o pessoal, decretos, Leis aprovadas e a estrutura interna da C\u00e2mara.<\/p>\n<p>Por fim, fortale\u00e7o a ideia de que a C\u00e2mara Municipal de Cristais, leg\u00edtima representante do povo, refor\u00e7a o seu compromisso para com todos os cristalenses e todos os vereadores se colocam \u00e0 disposi\u00e7\u00e3o para toda a popula\u00e7\u00e3o.<\/p>\n<p>&nbsp;<\/p>\n<p><em>C\u00e2mara Municipal de Cristais Gest\u00e3o 2021\/2024.<\/em><\/p>\n","protected":false},"excerpt":{"rendered":"<p>Em reuni\u00e3o no dia 22 de novembro, os Vereadores da C\u00e2mara Municipal, realizaram a quadrag\u00e9sima primeira reuni\u00e3o ordin\u00e1ria de 2021.\u00a0 Na pauta de vota\u00e7\u00e3o constava 6 (seis) Projetos de Lei [&hellip;]<\/p>\n","protected":false},"author":9,"featured_media":11555,"comment_status":"open","ping_status":"open","sticky":false,"template":"","format":"standard","meta":{"footnotes":""},"categories":[45],"tags":[],"class_list":["post-11601","post","type-post","status-publish","format-standard","has-post-thumbnail","hentry","category-noticias"],"_links":{"self":[{"href":"https:\/\/camaracristais.mg.gov.br\/index.php?rest_route=\/wp\/v2\/posts\/11601","targetHints":{"allow":["GET"]}}],"collection":[{"href":"https:\/\/camaracristais.mg.gov.br\/index.php?rest_route=\/wp\/v2\/posts"}],"about":[{"href":"https:\/\/camaracristais.mg.gov.br\/index.php?rest_route=\/wp\/v2\/types\/post"}],"author":[{"embeddable":true,"href":"https:\/\/camaracristais.mg.gov.br\/index.php?rest_route=\/wp\/v2\/users\/9"}],"replies":[{"embeddable":true,"href":"https:\/\/camaracristais.mg.gov.br\/index.php?rest_route=%2Fwp%2Fv2%2Fcomments&post=11601"}],"version-history":[{"count":3,"href":"https:\/\/camaracristais.mg.gov.br\/index.php?rest_route=\/wp\/v2\/posts\/11601\/revisions"}],"predecessor-version":[{"id":11604,"href":"https:\/\/camaracristais.mg.gov.br\/index.php?rest_route=\/wp\/v2\/posts\/11601\/revisions\/11604"}],"wp:featuredmedia":[{"embeddable":true,"href":"https:\/\/camaracristais.mg.gov.br\/index.php?rest_route=\/wp\/v2\/media\/11555"}],"wp:attachment":[{"href":"https:\/\/camaracristais.mg.gov.br\/index.php?rest_route=%2Fwp%2Fv2%2Fmedia&parent=11601"}],"wp:term":[{"taxonomy":"category","embeddable":true,"href":"https:\/\/camaracristais.mg.gov.br\/index.php?rest_route=%2Fwp%2Fv2%2Fcategories&post=11601"},{"taxonomy":"post_tag","embeddable":true,"href":"https:\/\/camaracristais.mg.gov.br\/index.php?rest_route=%2Fwp%2Fv2%2Ftags&post=11601"}],"curies":[{"name":"wp","href":"https:\/\/api.w.org\/{rel}","templated":true}]}}