{"id":11598,"date":"2022-01-03T10:02:04","date_gmt":"2022-01-03T13:02:04","guid":{"rendered":"http:\/\/camaracristais.mg.gov.br\/?p=11598"},"modified":"2024-10-07T14:24:06","modified_gmt":"2024-10-07T17:24:06","slug":"definida-as-comissoes-permanentes-para-o-exercicio-legislativo-do-ano-de-2022","status":"publish","type":"post","link":"https:\/\/camaracristais.mg.gov.br\/?p=11598","title":{"rendered":"Definida as comiss\u00f5es permanentes para o exerc\u00edcio legislativo do ano de 2022"},"content":{"rendered":"<p><span data-contrast=\"auto\">Aconteceu no in\u00edcio da manha dia primeiro de janeiro, no Plen\u00e1rio da C\u00e2mara Municipal, a primeira\u00a0<\/span><span data-contrast=\"auto\">reuni\u00e3o<\/span><span data-contrast=\"auto\">\u00a0extra<\/span><span data-contrast=\"auto\">ordin\u00e1ria<\/span><span data-contrast=\"auto\">\u00a0onde foi empossada a nova Mesa Diretora para 2022 e definido,\u00a0<\/span><span data-contrast=\"auto\">as comiss\u00f5es permanentes para o exerc\u00edcio legislativo do ano de 2022.<\/span><span data-ccp-props=\"{&quot;201341983&quot;:0,&quot;335559739&quot;:160,&quot;335559740&quot;:259}\">\u00a0<\/span><\/p>\n<p><span data-contrast=\"auto\">Ap\u00f3s o Presidente da casa Legislativa, Marcos Bas\u00edlio Neves, receber a posse da Mesa Legislativa, foi dado o in\u00edcio a elei\u00e7\u00e3o das Comiss\u00f5es Permanentes que ir\u00e3o trabalhar frente aos Projetos enviados pelo Poder Executivo. Ap\u00f3s a vota\u00e7\u00e3o, o Presidente informou de acordo com a Lei Org\u00e2nica Municipal, que as comiss\u00f5es ficaram com a seguinte composi\u00e7\u00e3o:<\/span><span data-ccp-props=\"{&quot;201341983&quot;:0,&quot;335559739&quot;:160,&quot;335559740&quot;:259}\">\u00a0<\/span><\/p>\n<p><strong>Comiss\u00e3o de Legisla\u00e7\u00e3o e Justi\u00e7a e Reda\u00e7\u00e3o Final<\/strong><strong>\u00a0<\/strong><\/p>\n<p><strong>Presidente:\u00a0<\/strong>Claedmar Aparecida Santos Maia<\/p>\n<p><strong>Membro:\u00a0<\/strong>Roselene da Silva<\/p>\n<p><strong>Relator:\u00a0<\/strong>Joao Batista de Almeida<\/p>\n<p><strong>1\u00ba suplente:\u00a0<\/strong>Marcos Ant\u00f4nio de Souza<\/p>\n<p><strong>2\u00ba Suplente:\u00a0<\/strong>Jefferson Azara Cardoso<strong>\u00a0<\/strong><strong>\u00a0<\/strong><\/p>\n<p><strong><br \/>\nComiss\u00e3o de Finan\u00e7as e Or\u00e7amento<\/strong><\/p>\n<p><strong>Presidente:\u00a0<\/strong>Joao Batista de Almeida<\/p>\n<p><strong>Membro:\u00a0<\/strong>Marcos Ant\u00f4nio de Souza<\/p>\n<p><strong>Relator:\u00a0<\/strong>Jefferson Azara Cardoso<\/p>\n<p><strong>1\u00ba Suplente:\u00a0<\/strong>Claedmar Aparecida Santos Maia<\/p>\n<p><strong>2\u00ba Suplente:\u00a0<\/strong>Marilene Silva de Paula<\/p>\n<p><strong><br \/>\n<\/strong><strong>Comiss\u00e3o de Obras e Servi\u00e7os P\u00fablicos<\/strong><\/p>\n<p><strong>Presidente:<\/strong>\u00a0Marcos Antonio de Souza<\/p>\n<p><strong>Membro:\u00a0<\/strong>Marilene Silva de Paula<\/p>\n<p><strong>Relator:\u00a0<\/strong>Claedmar Aparecida Santos Maia<\/p>\n<p><strong>1\u00ba Suplente:\u00a0<\/strong>Roselene da Silva<\/p>\n<p><strong>2\u00ba Suplente:\u00a0<\/strong>Jefferson Azara Cardoso<\/p>\n<p><strong>Comiss\u00e3o de Educa\u00e7\u00e3o, Sa\u00fade e Assist\u00eancia social<\/strong><\/p>\n<p><strong>Presidente:\u00a0<\/strong>Marilene Silva de Paula<\/p>\n<p><strong>Membro:\u00a0<\/strong>Claedmar Aparecida Santos Maia<\/p>\n<p><strong>Relator:\u00a0<\/strong>Jefferson Azara Cardoso<\/p>\n<p><strong>1\u00ba Suplente:\u00a0<\/strong>Roselene da Silva<\/p>\n<p><b>2\u00ba suplente:\u00a0<\/b>Joao Batista de Almeida<\/p>\n<p>&nbsp;<\/p>\n<p><strong>TESOUREIRO:<\/strong><\/p>\n<p>Joao Batista de Almeida<\/p>\n","protected":false},"excerpt":{"rendered":"<p>Aconteceu no in\u00edcio da manha dia primeiro de janeiro, no Plen\u00e1rio da C\u00e2mara Municipal, a primeira\u00a0reuni\u00e3o\u00a0extraordin\u00e1ria\u00a0onde foi empossada a nova Mesa Diretora para 2022 e definido,\u00a0as comiss\u00f5es permanentes para o [&hellip;]<\/p>\n","protected":false},"author":9,"featured_media":11599,"comment_status":"open","ping_status":"open","sticky":false,"template":"","format":"standard","meta":{"footnotes":""},"categories":[45],"tags":[],"class_list":["post-11598","post","type-post","status-publish","format-standard","has-post-thumbnail","hentry","category-noticias"],"_links":{"self":[{"href":"https:\/\/camaracristais.mg.gov.br\/index.php?rest_route=\/wp\/v2\/posts\/11598","targetHints":{"allow":["GET"]}}],"collection":[{"href":"https:\/\/camaracristais.mg.gov.br\/index.php?rest_route=\/wp\/v2\/posts"}],"about":[{"href":"https:\/\/camaracristais.mg.gov.br\/index.php?rest_route=\/wp\/v2\/types\/post"}],"author":[{"embeddable":true,"href":"https:\/\/camaracristais.mg.gov.br\/index.php?rest_route=\/wp\/v2\/users\/9"}],"replies":[{"embeddable":true,"href":"https:\/\/camaracristais.mg.gov.br\/index.php?rest_route=%2Fwp%2Fv2%2Fcomments&post=11598"}],"version-history":[{"count":3,"href":"https:\/\/camaracristais.mg.gov.br\/index.php?rest_route=\/wp\/v2\/posts\/11598\/revisions"}],"predecessor-version":[{"id":11752,"href":"https:\/\/camaracristais.mg.gov.br\/index.php?rest_route=\/wp\/v2\/posts\/11598\/revisions\/11752"}],"wp:featuredmedia":[{"embeddable":true,"href":"https:\/\/camaracristais.mg.gov.br\/index.php?rest_route=\/wp\/v2\/media\/11599"}],"wp:attachment":[{"href":"https:\/\/camaracristais.mg.gov.br\/index.php?rest_route=%2Fwp%2Fv2%2Fmedia&parent=11598"}],"wp:term":[{"taxonomy":"category","embeddable":true,"href":"https:\/\/camaracristais.mg.gov.br\/index.php?rest_route=%2Fwp%2Fv2%2Fcategories&post=11598"},{"taxonomy":"post_tag","embeddable":true,"href":"https:\/\/camaracristais.mg.gov.br\/index.php?rest_route=%2Fwp%2Fv2%2Ftags&post=11598"}],"curies":[{"name":"wp","href":"https:\/\/api.w.org\/{rel}","templated":true}]}}