{"id":11592,"date":"2021-11-10T12:39:16","date_gmt":"2021-11-10T15:39:16","guid":{"rendered":"http:\/\/camaracristais.mg.gov.br\/?p=11592"},"modified":"2024-10-07T14:24:06","modified_gmt":"2024-10-07T17:24:06","slug":"26o-programa-semanal-da-camara-municipal-na-radio-cristal-fm","status":"publish","type":"post","link":"https:\/\/camaracristais.mg.gov.br\/?p=11592","title":{"rendered":"26\u00ba Programa semanal da C\u00e2mara Municipal na R\u00e1dio Cristal FM"},"content":{"rendered":"<p>Em reuni\u00e3o no dia 03 de novembro, n\u00f3s Vereadores da C\u00e2mara Municipal, realizamos a quadrag\u00e9sima primeira reuni\u00e3o ordin\u00e1ria de 2021.\u00a0 Na pauta de vota\u00e7\u00e3o constava 2 (dois) Projetos de Lei de autoria do Poder Executivo e 1 (um) Projeto de Lei de autoria do Poder Legislativo. Sem a parceria dos Vereadores e Poder Executivo, muitas melhorias para a popula\u00e7\u00e3o cristalense, n\u00e3o poderiam estar sendo realizadas na cidade.<\/p>\n<p>Para <strong>Secretaria de Cultura, <\/strong>n\u00f3s Vereadores aprovamos e liberamos o Projeto de Lei que abre credito no valor de R$115.000,00 (cento e quinze mil reais) para constru\u00e7\u00e3o do Monumento do Quilombo do Ambr\u00f3sio, localizado na Meia laranja.<\/p>\n<p>Outro Projeto que foi apresentado, \u00e9 o Projeto de Lei que estima a receita e fixa a Despesa do Munic\u00edpio de Cristais para o exerc\u00edcio financeiro de 2022, a Lei Org\u00e2nica Municipal, apresenta as a\u00e7\u00f5es priorit\u00e1rias voltadas para o atendimento as demandas da sociedade, em especial nas \u00e1reas social, sa\u00fade e educa\u00e7\u00e3o. A receita tem como\u00a0\u00a0 base, um estudo t\u00e9cnico que teve par\u00e2metro na arrecada\u00e7\u00e3o municipal, apresentando dados e representando uma vis\u00e3o de todos os gastos que o Poder P\u00fablico Municipal necessita realizar com a estrutura administrativa, com os servi\u00e7os p\u00fablicos de interesse local, as comiss\u00f5es resolveram solicitar tempo para realiza\u00e7\u00e3o de emendas impositivas.<\/p>\n<p>De autoria dos Vereadores Marcos Bas\u00edlio Neves e Edvaldo Rosa Reis, liberamos e aprovamos o Projeto de Lei que d\u00e1 denomina\u00e7\u00e3o \u00e0 rua paralela \u00e0 rua Jos\u00e9 de Assis Carvalho, sentido aterro-valad\u00f5es, no Bairro Buraco Fundo, de Rua Ricardo Jorge Maia. O homenageado, foi respons\u00e1vel por muitas obras em Cristais, todas elas projetadas com carinho, dedica\u00e7\u00e3o e a compet\u00eancia que lhe eram peculiares. Pessoa de ineg\u00e1vel intelig\u00eancia, que muito contribuiu para nossa cidade, e a qual tivemos a honra em prestar essa singela homenagem.<\/p>\n<p>Em reuni\u00e3o no in\u00edcio da noite do dia 08 de novembro, n\u00f3s Vereadores da C\u00e2mara Municipal, realizamos a quadrag\u00e9sima segunda reuni\u00e3o ordin\u00e1ria de 2021.\u00a0 Na pauta de vota\u00e7\u00e3o constava 5 (cinco) Projetos de Lei de autoria do Poder Executivo e 9(nove) Emendas de autoria do Poder Legislativo.<\/p>\n<p>Para a secretaria de Educa\u00e7\u00e3o, liberamos e aprovamos o Projeto de Lei que abre credito adicional no valor de R$270.000,00 (duzentos e setenta mil reais) para realiza\u00e7\u00e3o\u00a0 da cobertura da quadra Esportiva da Escola de Tempo Integral Em\u00eddio Gambogi.<\/p>\n<p>Continuando na Pasta da Secretaria de Educa\u00e7\u00e3o, liberamos e aprovamos o Projeto de Lei que abre credito adicional suplementar no valor de R$162.800,00 (cento e sessenta e dois mil e oitocentos reais), para a suplementa\u00e7\u00e3o por redu\u00e7\u00e3o de dota\u00e7\u00f5es or\u00e7amentarias, visto que nas dota\u00e7\u00f5es a reserva que foi estimada para 2021 n\u00e3o ser\u00e1 gasto, sendo necess\u00e1rio o remanejo para outras dota\u00e7\u00f5es, onde ser\u00e3o investidos em materiais permanentes de consumo.<\/p>\n<p>Para a secretaria de Sa\u00fade, liberamos e aprovamos o Projeto de Lei que abre credito adicional no valor de R$19.202,64 (dezenove mil duzentos e dois reais e sessenta e quatro centavos) para aquisi\u00e7\u00e3o de equipamentos e material permanente, no caso c\u00e2meras de seguran\u00e7a e impressora para impress\u00e3o de exames Doppler, e ainda material de consumo para a manuten\u00e7\u00e3o das atividades da sa\u00fade bucal.<\/p>\n<p>Para a secretaria de Cultura, liberamos e aprovamos o Projeto de Lei que abre credito adicional no valor de R$107.817,00 (cento e sete mil oitocentos e dezessete reais) para custear as despesas da Lei Aldir Blanc, que se trata ao incentivo cultural de acordo com planos de a\u00e7\u00f5es emergenciais destinados ao setor cultural.<\/p>\n<p>Outro Projeto que foi colocado para vota\u00e7\u00e3o ao qual liberamos e aprovamos se trata do Projeto de Lei que estima a receita e fixa a Despesa do Munic\u00edpio de Cristais para o exerc\u00edcio financeiro de 2022 com as devidas emendas impositivas criadas pelos Vereadores, as quais foram todas aprovadas por unanimidade. Como j\u00e1 falamos, a Lei Org\u00e2nica Municipal, apresenta as a\u00e7\u00f5es priorit\u00e1rias voltadas para o atendimento as demandas da sociedade, por isso foi importante que aprov\u00e1ssemos essa lei junto as Emendas que foram criadas no Legislativo, dando uma \u00eanfase maior as necessidades da sociedade. Como leg\u00edtimos representantes da popula\u00e7\u00e3o, e mais pr\u00f3ximos a todas as necessidades do nosso munic\u00edpio, destinamos essas emendas para suprir algumas demandas que faltam em nossa sociedade, e que temos acompanhado nesse ano de 2021, em especial nas \u00e1reas social, sa\u00fade e educa\u00e7\u00e3o.<\/p>\n<p>Ao cidad\u00e3o cristalense e ouvinte da r\u00e1dio Cristal FM, que deseja acompanhar mais o nosso trabalho na C\u00e2mara durante as Reuni\u00f5es Ordin\u00e1rias que acontecem durante todas as segundas feiras \u00e0s 18h, e saber sobre os of\u00edcios, indica\u00e7\u00f5es e Projetos de Leis, basta se conectar ao nosso canal no Youtube \u2013 \u201c<u>C\u00e2mara Municipal de Cristais\u201d <\/u>\u00a0e ao nosso site <a href=\"http:\/\/www.camaracristais.mg.gov.br\">www.camaracristais.mg.gov.br<\/a>.<\/p>\n<p>No site da C\u00e2mara voc\u00ea pode conferir as atas das reuni\u00f5es, as indica\u00e7\u00f5es dos Vereadores para o Poder Executivo, as Leis que est\u00e3o em vigor, assim como na aba da Transpar\u00eancia, conferir as despesas do Legislativo, como folha de pagamento, di\u00e1rias de viagens, gastos com o pessoal, decretos, Leis aprovadas e a estrutura interna da C\u00e2mara.<\/p>\n<p>Por fim, fortale\u00e7o a ideia de que a C\u00e2mara Municipal de Cristais, leg\u00edtima representante do povo, refor\u00e7a o seu compromisso para com todos os cristalenses e todos os vereadores se colocam \u00e0 disposi\u00e7\u00e3o para toda a popula\u00e7\u00e3o.<\/p>\n<p>&nbsp;<\/p>\n<p><em>C\u00e2mara Municipal de Cristais Gest\u00e3o 2021\/2024.<\/em><\/p>\n<p>&nbsp;<\/p>\n<p>&nbsp;<\/p>\n<p>&nbsp;<\/p>\n<p><strong>______________________________________________________<\/strong><\/p>\n<p><strong>\u00a0\u00a0\u00a0\u00a0\u00a0\u00a0\u00a0\u00a0\u00a0\u00a0\u00a0 \u00a0\u00a0\u00a0\u00a0\u00a0\u00a0\u00a0\u00a0\u00a0\u00a0\u00a0 \u00a0\u00a0\u00a0\u00a0\u00a0\u00a0\u00a0\u00a0\u00a0\u00a0\u00a0 MARCOS ANTONIO DE SOUZA &#8211; PRESIDENTE<\/strong><\/p>\n","protected":false},"excerpt":{"rendered":"<p>Em reuni\u00e3o no dia 03 de novembro, n\u00f3s Vereadores da C\u00e2mara Municipal, realizamos a quadrag\u00e9sima primeira reuni\u00e3o ordin\u00e1ria de 2021.\u00a0 Na pauta de vota\u00e7\u00e3o constava 2 (dois) Projetos de Lei [&hellip;]<\/p>\n","protected":false},"author":9,"featured_media":11570,"comment_status":"open","ping_status":"open","sticky":false,"template":"","format":"standard","meta":{"footnotes":""},"categories":[45],"tags":[],"class_list":["post-11592","post","type-post","status-publish","format-standard","has-post-thumbnail","hentry","category-noticias"],"_links":{"self":[{"href":"https:\/\/camaracristais.mg.gov.br\/index.php?rest_route=\/wp\/v2\/posts\/11592","targetHints":{"allow":["GET"]}}],"collection":[{"href":"https:\/\/camaracristais.mg.gov.br\/index.php?rest_route=\/wp\/v2\/posts"}],"about":[{"href":"https:\/\/camaracristais.mg.gov.br\/index.php?rest_route=\/wp\/v2\/types\/post"}],"author":[{"embeddable":true,"href":"https:\/\/camaracristais.mg.gov.br\/index.php?rest_route=\/wp\/v2\/users\/9"}],"replies":[{"embeddable":true,"href":"https:\/\/camaracristais.mg.gov.br\/index.php?rest_route=%2Fwp%2Fv2%2Fcomments&post=11592"}],"version-history":[{"count":1,"href":"https:\/\/camaracristais.mg.gov.br\/index.php?rest_route=\/wp\/v2\/posts\/11592\/revisions"}],"predecessor-version":[{"id":11593,"href":"https:\/\/camaracristais.mg.gov.br\/index.php?rest_route=\/wp\/v2\/posts\/11592\/revisions\/11593"}],"wp:featuredmedia":[{"embeddable":true,"href":"https:\/\/camaracristais.mg.gov.br\/index.php?rest_route=\/wp\/v2\/media\/11570"}],"wp:attachment":[{"href":"https:\/\/camaracristais.mg.gov.br\/index.php?rest_route=%2Fwp%2Fv2%2Fmedia&parent=11592"}],"wp:term":[{"taxonomy":"category","embeddable":true,"href":"https:\/\/camaracristais.mg.gov.br\/index.php?rest_route=%2Fwp%2Fv2%2Fcategories&post=11592"},{"taxonomy":"post_tag","embeddable":true,"href":"https:\/\/camaracristais.mg.gov.br\/index.php?rest_route=%2Fwp%2Fv2%2Ftags&post=11592"}],"curies":[{"name":"wp","href":"https:\/\/api.w.org\/{rel}","templated":true}]}}