{"id":11590,"date":"2021-10-27T17:37:59","date_gmt":"2021-10-27T20:37:59","guid":{"rendered":"http:\/\/camaracristais.mg.gov.br\/?p=11590"},"modified":"2024-10-07T14:24:06","modified_gmt":"2024-10-07T17:24:06","slug":"25o-programa-semanal-da-camara-municipal-na-radio-cristal-fm","status":"publish","type":"post","link":"https:\/\/camaracristais.mg.gov.br\/?p=11590","title":{"rendered":"25\u00ba Programa semanal da C\u00e2mara Municipal na R\u00e1dio Cristal FM"},"content":{"rendered":"<p>Em reuni\u00e3o no dia 25 de setembro, n\u00f3s Vereadores da C\u00e2mara Municipal, realizamos a trig\u00e9sima nona reuni\u00e3o ordin\u00e1ria de 2021.\u00a0 Na pauta de vota\u00e7\u00e3o constava 3 (tr\u00eas) Projetos de Lei de autoria do Poder Executivo. Sem a parceria dos Vereadores e Poder Executivo, muitas melhorias para a popula\u00e7\u00e3o cristalense, n\u00e3o poderiam estar sendo realizadas na cidade.<\/p>\n<p>Para <strong>Secretaria de Sa\u00fade, <\/strong>n\u00f3s Vereadores aprovamos e liberamos o Projeto de Lei que abre credito no valor de R$44.627,95 (quarenta e quatro mil seiscentos e vinte e sete reais e noventa e cinco centavos) para compra de material de consumo e vencimentos e vantagens fixas e pessoas fixas, para custeio das a\u00e7\u00f5es da Vigil\u00e2ncia Sanit\u00e1ria no enfrentamento da Covid-19.<\/p>\n<p>Para <strong>Administra\u00e7\u00e3o,<\/strong> liberamos e aprovamos o Projeto de Lei que regulariza a doa\u00e7\u00e3o do im\u00f3vel situado no bairro Colina, na Rua Jos\u00e9 Domingos de Almeida. Tal projeto teve necessidade de regulariza\u00e7\u00e3o, devido um erro de demarca\u00e7\u00e3o que foi descoberto, a partir da implementa\u00e7\u00e3o do REURB pelo munic\u00edpio de Cristais.<\/p>\n<p>Outro Projeto que aprovamos, foi o Projeto de Lei N\u00ba 161\/2021 \u00a0que \u201cAltera o artigo 5\u00ba da Lei Municipal n\u00ba 2.074, que estava em an\u00e1lise dos Vereadores representantes das Comiss\u00f5es de legisla\u00e7\u00e3o, justi\u00e7a e reda\u00e7\u00e3o final e finan\u00e7as e or\u00e7amento desde a \u00faltima reuni\u00e3o.<\/p>\n<p>Ao cidad\u00e3o cristalense e ouvinte da r\u00e1dio Cristal FM, que deseja acompanhar mais o nosso trabalho na C\u00e2mara durante as Reuni\u00f5es Ordin\u00e1rias que acontecem durante todas as segundas feiras \u00e0s 18h, e saber sobre os of\u00edcios, indica\u00e7\u00f5es e Projetos de Leis, basta se conectar ao nosso canal no Youtube \u2013 \u201c<u>C\u00e2mara Municipal de Cristais\u201d <\/u>\u00a0e ao nosso site <a href=\"http:\/\/www.camaracristais.mg.gov.br\">www.camaracristais.mg.gov.br<\/a>.<\/p>\n<p>No site da C\u00e2mara voc\u00ea pode conferir as atas das reuni\u00f5es, as indica\u00e7\u00f5es dos Vereadores para o Poder Executivo, as Leis que est\u00e3o em vigor, assim como na aba da Transpar\u00eancia, conferir as despesas do Legislativo, como folha de pagamento, di\u00e1rias de viagens, gastos com o pessoal, decretos, Leis aprovadas e a estrutura interna da C\u00e2mara.<\/p>\n<p>Por fim, fortale\u00e7o a ideia de que a C\u00e2mara Municipal de Cristais, leg\u00edtima representante do povo, refor\u00e7a o seu compromisso para com todos os cristalenses e todos os vereadores se colocam \u00e0 disposi\u00e7\u00e3o para toda a popula\u00e7\u00e3o.<\/p>\n<p>&nbsp;<\/p>\n<p><em>C\u00e2mara Municipal de Cristais Gest\u00e3o 2021\/2024.<\/em><\/p>\n<p>&nbsp;<\/p>\n<p>&nbsp;<\/p>\n<p>&nbsp;<\/p>\n<p><strong>______________________________________________________<\/strong><\/p>\n<p><strong>\u00a0\u00a0\u00a0\u00a0\u00a0\u00a0\u00a0\u00a0\u00a0\u00a0\u00a0 \u00a0\u00a0\u00a0\u00a0\u00a0\u00a0\u00a0\u00a0\u00a0\u00a0\u00a0 \u00a0\u00a0\u00a0\u00a0\u00a0\u00a0\u00a0\u00a0\u00a0\u00a0\u00a0 MARCOS ANTONIO DE SOUZA &#8211; PRESIDENTE<\/strong><\/p>\n","protected":false},"excerpt":{"rendered":"<p>Em reuni\u00e3o no dia 25 de setembro, n\u00f3s Vereadores da C\u00e2mara Municipal, realizamos a trig\u00e9sima nona reuni\u00e3o ordin\u00e1ria de 2021.\u00a0 Na pauta de vota\u00e7\u00e3o constava 3 (tr\u00eas) Projetos de Lei [&hellip;]<\/p>\n","protected":false},"author":9,"featured_media":11570,"comment_status":"open","ping_status":"open","sticky":false,"template":"","format":"standard","meta":{"footnotes":""},"categories":[45],"tags":[],"class_list":["post-11590","post","type-post","status-publish","format-standard","has-post-thumbnail","hentry","category-noticias"],"_links":{"self":[{"href":"https:\/\/camaracristais.mg.gov.br\/index.php?rest_route=\/wp\/v2\/posts\/11590","targetHints":{"allow":["GET"]}}],"collection":[{"href":"https:\/\/camaracristais.mg.gov.br\/index.php?rest_route=\/wp\/v2\/posts"}],"about":[{"href":"https:\/\/camaracristais.mg.gov.br\/index.php?rest_route=\/wp\/v2\/types\/post"}],"author":[{"embeddable":true,"href":"https:\/\/camaracristais.mg.gov.br\/index.php?rest_route=\/wp\/v2\/users\/9"}],"replies":[{"embeddable":true,"href":"https:\/\/camaracristais.mg.gov.br\/index.php?rest_route=%2Fwp%2Fv2%2Fcomments&post=11590"}],"version-history":[{"count":1,"href":"https:\/\/camaracristais.mg.gov.br\/index.php?rest_route=\/wp\/v2\/posts\/11590\/revisions"}],"predecessor-version":[{"id":11591,"href":"https:\/\/camaracristais.mg.gov.br\/index.php?rest_route=\/wp\/v2\/posts\/11590\/revisions\/11591"}],"wp:featuredmedia":[{"embeddable":true,"href":"https:\/\/camaracristais.mg.gov.br\/index.php?rest_route=\/wp\/v2\/media\/11570"}],"wp:attachment":[{"href":"https:\/\/camaracristais.mg.gov.br\/index.php?rest_route=%2Fwp%2Fv2%2Fmedia&parent=11590"}],"wp:term":[{"taxonomy":"category","embeddable":true,"href":"https:\/\/camaracristais.mg.gov.br\/index.php?rest_route=%2Fwp%2Fv2%2Fcategories&post=11590"},{"taxonomy":"post_tag","embeddable":true,"href":"https:\/\/camaracristais.mg.gov.br\/index.php?rest_route=%2Fwp%2Fv2%2Ftags&post=11590"}],"curies":[{"name":"wp","href":"https:\/\/api.w.org\/{rel}","templated":true}]}}