{"id":11588,"date":"2021-10-15T17:35:37","date_gmt":"2021-10-15T20:35:37","guid":{"rendered":"http:\/\/camaracristais.mg.gov.br\/?p=11588"},"modified":"2024-10-07T14:24:06","modified_gmt":"2024-10-07T17:24:06","slug":"24o-programa-semanal-da-camara-municipal-na-radio-cristal-fm","status":"publish","type":"post","link":"https:\/\/camaracristais.mg.gov.br\/?p=11588","title":{"rendered":"24\u00ba Programa semanal da C\u00e2mara Municipal na R\u00e1dio Cristal FM"},"content":{"rendered":"<p>Em reuni\u00e3o no dia 13 de setembro, n\u00f3s Vereadores da C\u00e2mara Municipal, realizamos a trig\u00e9sima oitava reuni\u00e3o ordin\u00e1ria de 2021.\u00a0 Na pauta de vota\u00e7\u00e3o constava 6 (seis) Projetos de Lei de autoria do Poder Executivo e 1 (uma) Indica\u00e7\u00e3o de autoria do Poder legislativo. Sem a parceria dos Vereadores e Poder Executivo, muitas melhorias para a popula\u00e7\u00e3o cristalense, n\u00e3o poderiam estar sendo realizadas na cidade.<\/p>\n<p>Para <strong>Secretaria de Administra\u00e7\u00e3o e Planejamento, <\/strong>n\u00f3s Vereadores aprovamos e liberamos o Projeto de Lei que abre credito no valor de R$20.043,00 (vinte mil e quarenta e tr\u00eas mil reais) para pagamento de e contributivas, como por exemplo tarifas banc\u00e1rias e PASEP. Compra de mat\u00e9rias de consumo para uso na Esta\u00e7\u00e3o de tratamento de Esgoto, tais com materiais de limpeza, material de laborat\u00f3rio e tintas para pintura do local, e ainda compra de material para confec\u00e7\u00e3o de mata-burros para estradas vicinais.<\/p>\n<p>Para <strong>Secretaria de Sa\u00fade,<\/strong> liberamos e aprovamos o Projeto de Lei que abre cr\u00e9dito adicional no valor de R$ 66.500,00 (sessenta e seis mil e quinhentos reais) para pagamento de vencimentos e vantagens fixas de pessoas fixas e obriga\u00e7\u00f5es patronais, devido a necessidade de contrata\u00e7\u00e3o de medico hospitalar para atendimento de pacientes no enfrentamento a Covid-19.<\/p>\n<p>Liberamos e aprovamos tamb\u00e9m para Secretaria de Sa\u00fade e Obras e Servi\u00e7os Urbanos, o Projeto de Lei que abre credito adicional, no valor de R$ 108.398,60 (cento e oito mil trezentos e noventa e oito reais e sessenta centavos), para compra de material de consumo, tais como combust\u00edvel para o abastecimento de servi\u00e7os de terceiros que ser\u00e3o realizados na manuten\u00e7\u00e3o na m\u00e1quina Patrol.<\/p>\n<p>Para a <strong>Secretaria de Sa\u00fade<\/strong>, liberamos dentro das comiss\u00f5es e aprovamos em vota\u00e7\u00e3o, o Projeto de Lei que autoriza a abertura de credito no valor de R$ 194.128,27 (Cento e Noventa e quatro mil cento e vinte e oito reais e vinte e sete centavos), para pagamento do programa PIPA (APAE), manuten\u00e7\u00e3o ambulatorial, com finalidade de aquisi\u00e7\u00e3o de insumos para combate ao COVID-19.<\/p>\n<p>Para a <strong>Secretaria de Obras e Servi\u00e7os P\u00fablicos, <\/strong>seguiu em tempo, agora dentro da Comiss\u00e3o de Finan\u00e7as e Or\u00e7amentos, o Projeto de Lei que visa a regulamentar a utiliza\u00e7\u00e3o dos Cemit\u00e9rios Municipais de Cristais.<\/p>\n<p>Outro Projeto que foi colocado para as comiss\u00f5es foi Projeto de Lei N\u00ba 161\/2021 \u201cAltera o artigo 5\u00ba da Lei Municipal n\u00ba 2.074, que ap\u00f3s an\u00e1lise dos Vereadores representantes das Comiss\u00f5es de legisla\u00e7\u00e3o, justi\u00e7a e reda\u00e7\u00e3o final e finan\u00e7as e or\u00e7amento solicitaram tempo para melhor an\u00e1lise antes de liberarem para vota\u00e7\u00e3o.<\/p>\n<p>De autoria das Vereadoras Claedmar Aparecida Santos Maia, Deisilene Martins e Rosilene da Silva, liberamos e aprovamos por nove votos a Indica\u00e7\u00e3o que visa a possibilidade do Poder Executivo de verificar a possibilidade de fornecimento de combust\u00edvel para o \u00f4nibus da Associa\u00e7\u00e3o de Pais e Amigos dos Excepcionais &#8211; APAE de Cristais\/MG.<\/p>\n<p>Em reuni\u00e3o no dia 18 de outubro, n\u00f3s Vereadores da C\u00e2mara Municipal, realizamos a trig\u00e9sima nona reuni\u00e3o ordin\u00e1ria de 2021.\u00a0 Na pauta de vota\u00e7\u00e3o constava 2 (Duas) Mo\u00e7\u00f5es de Reconhecimento de autoria do Poder legislativo.<\/p>\n<p>De autoria da Vereadora Claedmar Aparecida Santos Maia, a primeira Mo\u00e7\u00e3o que liberamos e aprovamos foi a Mo\u00e7\u00e3o de Reconhecimento ao secret\u00e1rio e funcion\u00e1rios da Secretaria Municipal de Esporte e Lazer pelo grande esfor\u00e7o empregado em prol do desenvolvimento do esporte em nossa cidade, que tem empenhado todos os esfor\u00e7os necess\u00e1rios para promover o desenvolvimento efetivo do esporte e do lazer em nosso munic\u00edpio.<\/p>\n<p>Tamb\u00e9m de autoria da Vereadora Claedmar Aparecida Santos Maia, liberamos e aprovamos a Mo\u00e7\u00e3o de Reconhecimento ao secret\u00e1rio e funcion\u00e1rios da Secretaria Municipal de Turismo pelo grande esfor\u00e7o empregado em prol do desenvolvimento tur\u00edstico de nossa cidade, que tem empenhado todos os esfor\u00e7os necess\u00e1rios para promover o desenvolvimento efetivo do turismo em nosso munic\u00edpio.<\/p>\n<p>Ao cidad\u00e3o cristalense e ouvinte da r\u00e1dio Cristal FM, que deseja acompanhar mais o nosso trabalho na C\u00e2mara durante as Reuni\u00f5es Ordin\u00e1rias que acontecem durante todas as segundas feiras \u00e0s 18h, e saber sobre os of\u00edcios, indica\u00e7\u00f5es e Projetos de Leis, basta se conectar ao nosso canal no Youtube \u2013 \u201c<u>C\u00e2mara Municipal de Cristais\u201d <\/u>\u00a0e ao nosso site <a href=\"http:\/\/www.camaracristais.mg.gov.br\">www.camaracristais.mg.gov.br<\/a>.<\/p>\n<p>No site da C\u00e2mara voc\u00ea pode conferir as atas das reuni\u00f5es, as indica\u00e7\u00f5es dos Vereadores para o Poder Executivo, as Leis que est\u00e3o em vigor, assim como na aba da Transpar\u00eancia, conferir as despesas do Legislativo, como folha de pagamento, di\u00e1rias de viagens, gastos com o pessoal, decretos, Leis aprovadas e a estrutura interna da C\u00e2mara.<\/p>\n<p>Por fim, fortale\u00e7o a ideia de que a C\u00e2mara Municipal de Cristais, leg\u00edtima representante do povo, refor\u00e7a o seu compromisso para com todos os cristalenses e todos os vereadores se colocam \u00e0 disposi\u00e7\u00e3o para toda a popula\u00e7\u00e3o.<\/p>\n<p>&nbsp;<\/p>\n<p><em>C\u00e2mara Municipal de Cristais Gest\u00e3o 2021\/2024.<\/em><\/p>\n","protected":false},"excerpt":{"rendered":"<p>Em reuni\u00e3o no dia 13 de setembro, n\u00f3s Vereadores da C\u00e2mara Municipal, realizamos a trig\u00e9sima oitava reuni\u00e3o ordin\u00e1ria de 2021.\u00a0 Na pauta de vota\u00e7\u00e3o constava 6 (seis) Projetos de Lei [&hellip;]<\/p>\n","protected":false},"author":9,"featured_media":11556,"comment_status":"open","ping_status":"open","sticky":false,"template":"","format":"standard","meta":{"footnotes":""},"categories":[45],"tags":[],"class_list":["post-11588","post","type-post","status-publish","format-standard","has-post-thumbnail","hentry","category-noticias"],"_links":{"self":[{"href":"https:\/\/camaracristais.mg.gov.br\/index.php?rest_route=\/wp\/v2\/posts\/11588","targetHints":{"allow":["GET"]}}],"collection":[{"href":"https:\/\/camaracristais.mg.gov.br\/index.php?rest_route=\/wp\/v2\/posts"}],"about":[{"href":"https:\/\/camaracristais.mg.gov.br\/index.php?rest_route=\/wp\/v2\/types\/post"}],"author":[{"embeddable":true,"href":"https:\/\/camaracristais.mg.gov.br\/index.php?rest_route=\/wp\/v2\/users\/9"}],"replies":[{"embeddable":true,"href":"https:\/\/camaracristais.mg.gov.br\/index.php?rest_route=%2Fwp%2Fv2%2Fcomments&post=11588"}],"version-history":[{"count":1,"href":"https:\/\/camaracristais.mg.gov.br\/index.php?rest_route=\/wp\/v2\/posts\/11588\/revisions"}],"predecessor-version":[{"id":11589,"href":"https:\/\/camaracristais.mg.gov.br\/index.php?rest_route=\/wp\/v2\/posts\/11588\/revisions\/11589"}],"wp:featuredmedia":[{"embeddable":true,"href":"https:\/\/camaracristais.mg.gov.br\/index.php?rest_route=\/wp\/v2\/media\/11556"}],"wp:attachment":[{"href":"https:\/\/camaracristais.mg.gov.br\/index.php?rest_route=%2Fwp%2Fv2%2Fmedia&parent=11588"}],"wp:term":[{"taxonomy":"category","embeddable":true,"href":"https:\/\/camaracristais.mg.gov.br\/index.php?rest_route=%2Fwp%2Fv2%2Fcategories&post=11588"},{"taxonomy":"post_tag","embeddable":true,"href":"https:\/\/camaracristais.mg.gov.br\/index.php?rest_route=%2Fwp%2Fv2%2Ftags&post=11588"}],"curies":[{"name":"wp","href":"https:\/\/api.w.org\/{rel}","templated":true}]}}