{"id":11584,"date":"2021-09-22T17:29:50","date_gmt":"2021-09-22T20:29:50","guid":{"rendered":"http:\/\/camaracristais.mg.gov.br\/?p=11584"},"modified":"2024-10-07T14:24:06","modified_gmt":"2024-10-07T17:24:06","slug":"22o-programa-semanal-da-camara-municipal-na-radio-cristal-fm","status":"publish","type":"post","link":"https:\/\/camaracristais.mg.gov.br\/?p=11584","title":{"rendered":"22\u00ba Programa semanal da C\u00e2mara Municipal na R\u00e1dio Cristal FM"},"content":{"rendered":"<p>Devido ao encontro que tivemos com o alguns deputados na semana anterior, ocasionando a falta de nosso informativo semanal, hoje estaremos falando sobre nosso trabalho nas duas \u00faltimas reuni\u00f5es na C\u00e2mara Municipal. Em reuni\u00e3o no dia 20 de setembro, n\u00f3s Vereadores da C\u00e2mara Municipal, realizamos a trig\u00e9sima quinta reuni\u00e3o ordin\u00e1ria de 2021.\u00a0 Na pauta de vota\u00e7\u00e3o constava 5 (cinco) Projetos de Lei de autoria do Poder Executivo. Sem a parceria dos Vereadores e Poder Executivo, muitas melhorias para a popula\u00e7\u00e3o cristalense, n\u00e3o poderiam estar sendo realizadas na cidade.<\/p>\n<p>Para <strong>Secretaria de Obras, <\/strong>n\u00f3s Vereadores aprovamos e liberamos o Projeto de Lei que abre credito no valor de R$25.000,00 (vinte e cinco mil reais) para pagamento da Empresa Minas Engenharia e Meio Ambiente, referente ao Projeto de regulariza\u00e7\u00e3o fundi\u00e1ria urbana dos n\u00facleos denominados \u201cProlongamento da Rua Ant\u00f4nio Campos\u201d e \u201cExtens\u00e3o da Rua Jos\u00e9 de Assis Carvalho-Buraco fundo\u201d, que abrange o levantamento planialtim\u00e9trico e cadastral com georreferenciamento, bem como pagamento de despesas cartoriais relativas a retifica\u00e7\u00e3o de \u00e1rea no loteamento denominado Vila Madalena II.<\/p>\n<p>Para <strong>Secretaria de Educa\u00e7\u00e3o,<\/strong> liberamos e aprovamos o Projeto de Lei que visa a contrata\u00e7\u00e3o tempor\u00e1ria de pessoal na \u00e1rea de Educa\u00e7\u00e3o para atendimento de necessidade de excepcional interesse p\u00fablico, com o retorno as aulas presenciais em nosso munic\u00edpio. A contrata\u00e7\u00e3o consiste em 10 (dez) agentes de professores; 8(oito) agentes de servi\u00e7os escolar; 1(um) Assistente Social; e 1(um) psic\u00f3logo, para cumprir exig\u00eancia legal constante na Lei Federal, que disp\u00f5e sobre a presta\u00e7\u00e3o de servi\u00e7os de psicologia e assist\u00eancia social nas redes p\u00fablicas de Educa\u00e7\u00e3o B\u00e1sica.<\/p>\n<p>Para a <strong>Secretaria de Sa\u00fade<\/strong>, liberamos dentro das comiss\u00f5es e aprovamos em vota\u00e7\u00e3o, o Projeto de Lei que abre cr\u00e9dito Adicional no valor de R$130.574,94 (cento e trinta mil quinhentos e setenta e quatro reais e noventa e quatro centavos), para a manuten\u00e7\u00e3o da Assist\u00eancia Ambulatorial \u2013 COVID 19, com finalidade de aquisi\u00e7\u00e3o de insumos como EPI\u2019s, testes r\u00e1pidos, medicamentos, entre outros, al\u00e9m da presta\u00e7\u00e3o de servi\u00e7os de terceiros \u2013 pessoa jur\u00eddica.<\/p>\n<p>Tamb\u00e9m dentro da secretaria de Sa\u00fade, liberamos e aprovamos o Projeto de Lei que abre credito adicional no valor de R$ 11.697,00 (onze mil seiscentos e noventa e sete reais), que tem como objetivo custear o aluguel da nova UBS V, com previs\u00e3o de abertura no m\u00eas de outubro, e dar continuidade \u00e0 manuten\u00e7\u00e3o do programa de transmiss\u00e3o de dados ao minist\u00e9rio da Sa\u00fade, PEC \u2013 Prontu\u00e1rio Eletr\u00f4nico do Cidad\u00e3o.<\/p>\n<p>Liberamos e aprovamos o Projeto de lei que abre credito adicional suplementar no valor de R$ 180.000,00 (cento e oitenta mil reais) referente a abertura de credito adicional para atendimento das necessidades do Centro de Atendimento para enfrentamento a COVID-19, com finalidade de aquisi\u00e7\u00e3o de insumos como EPI\u2019s, testes r\u00e1pidos, medicamentos, entre outros, e ainda manter o pagamento dos funcion\u00e1rios que est\u00e3o locados neste setor.<\/p>\n<p>Em nossa reuni\u00e3o no dia 27 de setembro, n\u00f3s Vereadores da C\u00e2mara Municipal, realizamos a trig\u00e9sima sexta reuni\u00e3o ordin\u00e1ria de 2021.\u00a0 Na pauta de vota\u00e7\u00e3o constava 3 (tr\u00eas) Projetos de Lei de autoria do Poder Executivo e uma Mo\u00e7\u00e3o de aplausos autoria do Poder Legislativo.<\/p>\n<p>Para a <strong>Secretaria de Assist\u00eancia Social<\/strong>, liberamos dentro das comiss\u00f5es e aprovamos em vota\u00e7\u00e3o, o Projeto de Lei que altera a Lei municipal n\u00famero 2083, que disp\u00f5e sobre a Politica Municipal de Assist\u00eancia Social, cria o Conselho e o fundo Municipal de Assist\u00eancia Social.<\/p>\n<p>Para a <strong>Administra\u00e7\u00e3o<\/strong>, liberamos dentro das comiss\u00f5es e aprovamos em vota\u00e7\u00e3o, o Projeto de Lei que autoriza o munic\u00edpio a realizar permuta de im\u00f3vel de sua propriedade com im\u00f3vel particular, para trazer benef\u00edcios ao Munic\u00edpio, possibilitando a execu\u00e7\u00e3o do Projeto de revitaliza\u00e7\u00e3o da Avenida Zico In\u00e1cio, com a constru\u00e7\u00e3o de um monumento no in\u00edcio da Avenida.<\/p>\n<p>Para a <strong>Secretaria de Sa\u00fade<\/strong>, liberamos dentro das comiss\u00f5es e aprovamos em vota\u00e7\u00e3o, o Projeto de Lei que abre cr\u00e9dito Adicional no valor de R$27.000,00 (vinte e sete mil reais), para pagamento de indeniza\u00e7\u00f5es e restitui\u00e7\u00f5es trabalhistas a Servidores Municipais devido a solicita\u00e7\u00e3o de exonera\u00e7\u00e3o do cargo.<\/p>\n<p>De autoria do Vereador Edvaldo, liberamos dentro das comiss\u00f5es e aprovamos em vota\u00e7\u00e3o, a Mo\u00e7\u00e3o de Aplausos integrantes do 3\u00ba GP\/Pelot\u00e3o 161\u00aa CIA PM\/8\u00ba Batalh\u00e3o da Pol\u00edcia Militar, que trabalham em Cristais, devido aos trabalhos executados pelos policiais militares destacados em nosso munic\u00edpio no exerc\u00edcio de suas profiss\u00f5es, sempre atuando em prol de nossa comunidade com esfor\u00e7o e abnega\u00e7\u00e3o, promovendo a seguran\u00e7a de nossa cidade.<\/p>\n<p>Ao finalizar nossa reuni\u00e3o ordin\u00e1ria, recebemos com muita alegria, a not\u00edcia de que j\u00e1 come\u00e7amos a colher frutos de nosso encontro com o Deputado Federal Diego Andrade, na semana anterior. Nos foi repassado que ser\u00e1 enviado para o munic\u00edpio, direcionado a Secretaria de Educa\u00e7\u00e3o, um \u00f4nibus com ar condicionado e capacidade para 30 pessoas, para melhor atender nossos alunos municipais.<\/p>\n<p>Ao cidad\u00e3o cristalense e ouvinte da r\u00e1dio Cristal FM, que deseja acompanhar mais o nosso trabalho na C\u00e2mara durante as Reuni\u00f5es Ordin\u00e1rias que acontecem durante todas as segundas feiras \u00e0s 18h, e saber sobre os of\u00edcios, indica\u00e7\u00f5es e Projetos de Leis, basta se conectar ao nosso canal no Youtube \u2013 \u201c<u>C\u00e2mara Municipal de Cristais\u201d <\/u>\u00a0e ao nosso site <a href=\"http:\/\/www.camaracristais.mg.gov.br\">www.camaracristais.mg.gov.br<\/a>.<\/p>\n<p>No site da C\u00e2mara voc\u00ea pode conferir as atas das reuni\u00f5es, as indica\u00e7\u00f5es dos Vereadores para o Poder Executivo, as Leis que est\u00e3o em vigor, assim como na aba da Transpar\u00eancia, conferir as despesas do Legislativo, como folha de pagamento, di\u00e1rias de viagens, gastos com o pessoal, decretos, Leis aprovadas e a estrutura interna da C\u00e2mara.<\/p>\n<p>Por fim, fortale\u00e7o a ideia de que a C\u00e2mara Municipal de Cristais, leg\u00edtima representante do povo, refor\u00e7a o seu compromisso para com todos os cristalenses e todos os vereadores se colocam \u00e0 disposi\u00e7\u00e3o para toda a popula\u00e7\u00e3o.<\/p>\n<p>&nbsp;<\/p>\n<p><em>C\u00e2mara Municipal de Cristais Gest\u00e3o 2021\/2024.<\/em><\/p>\n","protected":false},"excerpt":{"rendered":"<p>Devido ao encontro que tivemos com o alguns deputados na semana anterior, ocasionando a falta de nosso informativo semanal, hoje estaremos falando sobre nosso trabalho nas duas \u00faltimas reuni\u00f5es na [&hellip;]<\/p>\n","protected":false},"author":9,"featured_media":11570,"comment_status":"open","ping_status":"open","sticky":false,"template":"","format":"standard","meta":{"footnotes":""},"categories":[45],"tags":[],"class_list":["post-11584","post","type-post","status-publish","format-standard","has-post-thumbnail","hentry","category-noticias"],"_links":{"self":[{"href":"https:\/\/camaracristais.mg.gov.br\/index.php?rest_route=\/wp\/v2\/posts\/11584","targetHints":{"allow":["GET"]}}],"collection":[{"href":"https:\/\/camaracristais.mg.gov.br\/index.php?rest_route=\/wp\/v2\/posts"}],"about":[{"href":"https:\/\/camaracristais.mg.gov.br\/index.php?rest_route=\/wp\/v2\/types\/post"}],"author":[{"embeddable":true,"href":"https:\/\/camaracristais.mg.gov.br\/index.php?rest_route=\/wp\/v2\/users\/9"}],"replies":[{"embeddable":true,"href":"https:\/\/camaracristais.mg.gov.br\/index.php?rest_route=%2Fwp%2Fv2%2Fcomments&post=11584"}],"version-history":[{"count":1,"href":"https:\/\/camaracristais.mg.gov.br\/index.php?rest_route=\/wp\/v2\/posts\/11584\/revisions"}],"predecessor-version":[{"id":11585,"href":"https:\/\/camaracristais.mg.gov.br\/index.php?rest_route=\/wp\/v2\/posts\/11584\/revisions\/11585"}],"wp:featuredmedia":[{"embeddable":true,"href":"https:\/\/camaracristais.mg.gov.br\/index.php?rest_route=\/wp\/v2\/media\/11570"}],"wp:attachment":[{"href":"https:\/\/camaracristais.mg.gov.br\/index.php?rest_route=%2Fwp%2Fv2%2Fmedia&parent=11584"}],"wp:term":[{"taxonomy":"category","embeddable":true,"href":"https:\/\/camaracristais.mg.gov.br\/index.php?rest_route=%2Fwp%2Fv2%2Fcategories&post=11584"},{"taxonomy":"post_tag","embeddable":true,"href":"https:\/\/camaracristais.mg.gov.br\/index.php?rest_route=%2Fwp%2Fv2%2Ftags&post=11584"}],"curies":[{"name":"wp","href":"https:\/\/api.w.org\/{rel}","templated":true}]}}