{"id":11582,"date":"2021-09-15T17:28:26","date_gmt":"2021-09-15T20:28:26","guid":{"rendered":"http:\/\/camaracristais.mg.gov.br\/?p=11582"},"modified":"2024-10-07T14:24:06","modified_gmt":"2024-10-07T17:24:06","slug":"21o-programa-semanal-da-camara-municipal-na-radio-cristal-fm","status":"publish","type":"post","link":"https:\/\/camaracristais.mg.gov.br\/?p=11582","title":{"rendered":"21\u00ba Programa semanal da C\u00e2mara Municipal na R\u00e1dio Cristal FM"},"content":{"rendered":"<p>Devido ao Feriado da Independ\u00eancia na semana passada, esta semana estaremos falando sobre nosso trabalho nas duas \u00faltimas reuni\u00f5es na C\u00e2mara Municipal. Em reuni\u00e3o no dia 08 de setembro, n\u00f3s Vereadores da C\u00e2mara Municipal, realizamos a trig\u00e9sima terceira reuni\u00e3o ordin\u00e1ria de 2021.\u00a0 Na pauta de vota\u00e7\u00e3o constava 4 (quatro) Projetos de Lei de autoria do Poder Executivo. Sem a parceria dos Vereadores e Poder Executivo, muitas melhorias para a popula\u00e7\u00e3o cristalense, n\u00e3o poderiam estar sendo realizadas na cidade.<\/p>\n<p>Para a<strong> Administra\u00e7\u00e3o, <\/strong>os Vereadores dentro da comiss\u00e3o de Legisla\u00e7\u00e3o Justi\u00e7a e Reda\u00e7\u00e3o Final, e Finan\u00e7as e Or\u00e7amento, solicitaram tempo no Projeto de Lei que regulamenta a utiliza\u00e7\u00e3o dos cemit\u00e9rios Municipais de Cristais tendo em vista a aus\u00eancia de uma legisla\u00e7\u00e3o especifica, at\u00e9 o momento, sendo que \u00e9 dever do munic\u00edpio regulamentar, disciplinar e fiscalizar a instala\u00e7\u00e3o e funcionamento regular dos cemit\u00e9rios municipais, limita\u00e7\u00f5es decorrentes do Poder da Pol\u00edcia. N\u00f3s Vereadores, diante de tal projeto, resolvemos solicitar tempo para que possamos estudar melhor todas as disposi\u00e7\u00f5es que no foram apresentadas, visando n\u00e3o prejudicar a popula\u00e7\u00e3o.<\/p>\n<p>Liberamos e aprovamos o Projeto de Lei n\u00famero 136\/2021, que abre credito Adicional no valor de R$ 82.400,00 (oitenta e dois mil e quatrocentos reais), para pagamento de servidores p\u00fablicos inativos; amplia\u00e7\u00e3o e realiza\u00e7\u00e3o de melhorias na rede de ilumina\u00e7\u00e3o p\u00fablica; pagamento da taxas de agua e luz das Pra\u00e7as Municipais; pagamento de material de constru\u00e7\u00e3o para manuten\u00e7\u00e3o das vias urbanas; realiza\u00e7\u00e3o de servi\u00e7os mec\u00e2nicos em geral, inclusive em maquinas pesadas usadas para manuten\u00e7\u00e3o das estradas vicinais;\u00a0 e pagamento do termo aditivo contratual relativo a constru\u00e7\u00e3o do novo Vel\u00f3rio Municipal.<\/p>\n<p>Para <strong>Secretaria de Obras, <\/strong>n\u00f3s Vereadores aprovamos e liberamos o Projeto de Lei que abre credito no valor de R$115.000,00 (cento e quinze mil reais) para constru\u00e7\u00e3o do Monumento do Quilombo do Ambr\u00f3sio localizado no morro da Comunidade da Meia Laranja.<\/p>\n<p>Para <strong>Secretaria de Educa\u00e7\u00e3o,<\/strong> liberamos e aprovamos o Projeto de Lei que visa a abertura de credito adicional no valor de R$550.000,00 (quinhentos e cinquenta mil reais) para abertura de credito suplementar para aquisi\u00e7\u00e3o de material de consumo, tais como material de papelaria, aquisi\u00e7\u00e3o de livros liter\u00e1rios e material de limpeza, bem como materiais permanentes como, geladeira, arm\u00e1rios e fog\u00e3o. Devido a pandemia do novo corona v\u00edrus, o valor or\u00e7ado para gastos com transporte escolar n\u00e3o ser\u00e1 utilizado em sua totalidade, portando ser\u00e1 reduzido em sua dota\u00e7\u00e3o.<\/p>\n<p>Em reuni\u00e3o no dia 23 de setembro, n\u00f3s Vereadores da C\u00e2mara Municipal, realizamos a trig\u00e9sima quarta reuni\u00e3o ordin\u00e1ria de 2021.\u00a0 Na pauta de vota\u00e7\u00e3o constava 1(um) Projeto de Lei de autoria do Poder Executivo e 3 (tr\u00eas) Mo\u00e7\u00f5es de Aplausos de autoria do Poder Legislativo.<\/p>\n<p>Para a <strong>Secretaria de Sa\u00fade<\/strong>, liberamos dentro das comiss\u00f5es e aprovamos em vota\u00e7\u00e3o, o Projeto de Lei que abre cr\u00e9dito Adicional no valor de R$54.767,67 (cinquenta e quatro mil setecentos e sessenta e sete reais e sessenta e sete centavos), para a realiza\u00e7\u00e3o de servi\u00e7os de tecnologia da informa\u00e7\u00e3o e comunica\u00e7\u00e3o, transfer\u00eancia de recursos a Santa Casa de Miseric\u00f3rdia S\u00e3o Vicente de Paulo, correspondente participa\u00e7\u00e3o do munic\u00edpio no consorcio p\u00fablico e compra de material de consumo.<\/p>\n<p>De minha autoria, liberamos e aprovamos a Mo\u00e7\u00e3o de aplausos aos Funcion\u00e1rios da Escola Estadual Dr. Osmar Bicalho, pelos servi\u00e7os e contribui\u00e7\u00f5es prestadas ao nosso munic\u00edpio, durante esse per\u00edodo de pandemia, onde eles t\u00eam se empenhado cada vez mais para garantir um ensino de qualidade as nossas crian\u00e7as e jovens.<\/p>\n<p>Tamb\u00e9m sob minha autoria, liberamos e aprovamos a Mo\u00e7\u00e3o de aplausos aos Funcion\u00e1rios do Col\u00e9gio Maximus, pelos servi\u00e7os e contribui\u00e7\u00f5es prestadas ao nosso munic\u00edpio, garantindo um ensino de qualidade as nossas crian\u00e7as e jovens de nosso munic\u00edpio.<\/p>\n<p>Outra mon\u00e7\u00e3o que tive o privil\u00e9gio de ser autora, que liberamos e aprovamos foi a Mo\u00e7\u00e3o de aplausos aos Funcion\u00e1rios da APAE, pelos servi\u00e7os e contribui\u00e7\u00f5es prestadas ao nosso munic\u00edpio, garantindo al\u00e9m de ensino de qualidade, tratamento ideal para as nossas crian\u00e7as e jovens portadores de necessidades especiais.<\/p>\n<p>Ao cidad\u00e3o cristalense e ouvinte da r\u00e1dio Cristal FM, que deseja acompanhar mais o nosso trabalho na C\u00e2mara durante as Reuni\u00f5es Ordin\u00e1rias que acontecem durante todas as segundas feiras \u00e0s 18h, e saber sobre os of\u00edcios, indica\u00e7\u00f5es e Projetos de Leis, basta se conectar ao nosso canal no Youtube \u2013 \u201c<u>C\u00e2mara Municipal de Cristais\u201d <\/u>\u00a0e ao nosso site <a href=\"http:\/\/www.camaracristais.mg.gov.br\">www.camaracristais.mg.gov.br<\/a>.<\/p>\n<p>No site da C\u00e2mara voc\u00ea pode conferir as atas das reuni\u00f5es, as indica\u00e7\u00f5es dos Vereadores para o Poder Executivo, as Leis que est\u00e3o em vigor, assim como na aba da Transpar\u00eancia, conferir as despesas do Legislativo, como folha de pagamento, di\u00e1rias de viagens, gastos com o pessoal, decretos, Leis aprovadas e a estrutura interna da C\u00e2mara.<\/p>\n<p>Por fim, fortale\u00e7o a ideia de que a C\u00e2mara Municipal de Cristais, leg\u00edtima representante do povo, refor\u00e7a o seu compromisso para com todos os cristalenses e todos os vereadores se colocam \u00e0 disposi\u00e7\u00e3o para toda a popula\u00e7\u00e3o.<\/p>\n<p>&nbsp;<\/p>\n<p><em>C\u00e2mara Municipal de Cristais Gest\u00e3o 2021\/2024.<\/em><\/p>\n","protected":false},"excerpt":{"rendered":"<p>Devido ao Feriado da Independ\u00eancia na semana passada, esta semana estaremos falando sobre nosso trabalho nas duas \u00faltimas reuni\u00f5es na C\u00e2mara Municipal. Em reuni\u00e3o no dia 08 de setembro, n\u00f3s [&hellip;]<\/p>\n","protected":false},"author":9,"featured_media":11555,"comment_status":"open","ping_status":"open","sticky":false,"template":"","format":"standard","meta":{"footnotes":""},"categories":[45],"tags":[],"class_list":["post-11582","post","type-post","status-publish","format-standard","has-post-thumbnail","hentry","category-noticias"],"_links":{"self":[{"href":"https:\/\/camaracristais.mg.gov.br\/index.php?rest_route=\/wp\/v2\/posts\/11582","targetHints":{"allow":["GET"]}}],"collection":[{"href":"https:\/\/camaracristais.mg.gov.br\/index.php?rest_route=\/wp\/v2\/posts"}],"about":[{"href":"https:\/\/camaracristais.mg.gov.br\/index.php?rest_route=\/wp\/v2\/types\/post"}],"author":[{"embeddable":true,"href":"https:\/\/camaracristais.mg.gov.br\/index.php?rest_route=\/wp\/v2\/users\/9"}],"replies":[{"embeddable":true,"href":"https:\/\/camaracristais.mg.gov.br\/index.php?rest_route=%2Fwp%2Fv2%2Fcomments&post=11582"}],"version-history":[{"count":1,"href":"https:\/\/camaracristais.mg.gov.br\/index.php?rest_route=\/wp\/v2\/posts\/11582\/revisions"}],"predecessor-version":[{"id":11583,"href":"https:\/\/camaracristais.mg.gov.br\/index.php?rest_route=\/wp\/v2\/posts\/11582\/revisions\/11583"}],"wp:featuredmedia":[{"embeddable":true,"href":"https:\/\/camaracristais.mg.gov.br\/index.php?rest_route=\/wp\/v2\/media\/11555"}],"wp:attachment":[{"href":"https:\/\/camaracristais.mg.gov.br\/index.php?rest_route=%2Fwp%2Fv2%2Fmedia&parent=11582"}],"wp:term":[{"taxonomy":"category","embeddable":true,"href":"https:\/\/camaracristais.mg.gov.br\/index.php?rest_route=%2Fwp%2Fv2%2Fcategories&post=11582"},{"taxonomy":"post_tag","embeddable":true,"href":"https:\/\/camaracristais.mg.gov.br\/index.php?rest_route=%2Fwp%2Fv2%2Ftags&post=11582"}],"curies":[{"name":"wp","href":"https:\/\/api.w.org\/{rel}","templated":true}]}}