{"id":11580,"date":"2021-08-25T17:26:25","date_gmt":"2021-08-25T20:26:25","guid":{"rendered":"http:\/\/camaracristais.mg.gov.br\/?p=11580"},"modified":"2024-10-07T14:24:06","modified_gmt":"2024-10-07T17:24:06","slug":"20o-programa-semanal-da-camara-municipal-na-radio-cristal-fm","status":"publish","type":"post","link":"https:\/\/camaracristais.mg.gov.br\/?p=11580","title":{"rendered":"20\u00ba Programa semanal da C\u00e2mara Municipal na R\u00e1dio Cristal FM"},"content":{"rendered":"<p>Em reuni\u00e3o no dia 23 de agosto, n\u00f3s Vereadores da C\u00e2mara Municipal, realizamos a trig\u00e9sima segunda reuni\u00e3o ordin\u00e1ria de 2021.\u00a0 Na pauta de vota\u00e7\u00e3o constava 5 (cinco) Projetos de Lei de autoria do Poder Executivo, 1 (um) Projeto de Lei Sugestivo e 1(uma) Indica\u00e7\u00e3o de autoria do Poder Legislativo. Sem a parceria dos Vereadores e Poder Executivo, muitas melhorias para a popula\u00e7\u00e3o cristalense, n\u00e3o poderiam estar sendo realizadas na cidade.<\/p>\n<p>Para <strong>Secretaria de Obras e Servi\u00e7os P\u00fablicos, <\/strong>os Vereadores dentro da comiss\u00e3o de Finan\u00e7as e Or\u00e7amento, liberaram o Projeto de Lei que abre credito no valor de R$110.000,00 (cento e dez mil reais) para a manuten\u00e7\u00e3o das vias urbanas com servi\u00e7os como tapa buraco, pagamento da empresa Alicerce, que presta servi\u00e7o de limpeza urbana, compra de material de limpeza, cesta b\u00e1sica e combust\u00edvel e o pagamento da empresa CTR, que presta servi\u00e7o de coleta de lixo da Usina.<\/p>\n<p>Para <strong>Secretaria de Sa\u00fade, <\/strong>n\u00f3s Vereadores aprovamos e liberamos o Projeto de Lei que abre credito no valor de R$78.000,00 (setenta e oito mil reais) para pagamento de sal\u00e1rio de funcion\u00e1rios na manuten\u00e7\u00e3o da Assist\u00eancia Ambulatorial, bem como para Presta\u00e7\u00e3o de servi\u00e7os de pessoa Jur\u00eddica no \u00e2mbito da Assist\u00eancia ambulatorial, sendo necess\u00e1rio a realiza\u00e7\u00e3o de pr\u00e9 empenho de especialidades m\u00e9dicas.<\/p>\n<p>Para <strong>Secretaria de Educa\u00e7\u00e3o,<\/strong> liberamos e aprovamos o Projeto de Lei que visa a abertura de credito adicional no valor de R$137.000,00 (cento e trinta e sete mil reais) para suplementar a dota\u00e7\u00e3o de pagamento de servidores vinculados \u00e0 Secretaria Municipal de Educa\u00e7\u00e3o, como tamb\u00e9m para realiza\u00e7\u00e3o de servi\u00e7os de tecnologia e gest\u00e3o de dados de profissionais e alunos, bem como registro de documentos oficiais; para manuten\u00e7\u00e3o das atividades do ensino fundamental com a compra de materiais de consumo, tais como \u00e1lcool, agua sanit\u00e1ria, sab\u00e3o, etc.; para reforma a ser realizada na Escola Municipal Prefeito Aristeu Maia, vinculados a Secretaria Municipal de Educa\u00e7\u00e3o e \u00a0Pagamento de funcion\u00e1rios e obriga\u00e7\u00f5es patronais vinculados a secretaria de Cultura.<\/p>\n<p>Para <strong>Secretaria de Esportes e Lazer, <\/strong>n\u00f3s Vereadores aprovamos e liberamos o Projeto de Lei que abre credito no valor de R$30.000,00 (trinta mil reais) para pagamento dos termos aditivos relativos \u00e0 constru\u00e7\u00e3o do muro de arrimo na quadra do bairro Morro do Eduardo e a revitaliza\u00e7\u00e3o da quadra Poliesportiva Municipal do Bairro Vila Madalena.<\/p>\n<p>Para <strong>a Admira\u00e7\u00e3o Geral, <\/strong>n\u00f3s Vereadores aprovamos e liberamos o Projeto de Lei que abre credito no valor de R$13.000,00 (treze mil reais) para aquisi\u00e7\u00e3o de combust\u00edvel a ser usado no ve\u00edculo do Gabinete do Prefeito.<\/p>\n<p>De autoria do Vereador Jefferson Azara Cardoso, o Projeto de Lei Sugestivo n\u00ba 134\/2021, foi liberado e aprovado por n\u00f3s Vereadores e tem o intuito de instituir a divulga\u00e7\u00e3o da listagem dos medicamentos dispon\u00edveis e em falta na rede publica municipal de sa\u00fade, com o intuito de esclarecer a toda a popula\u00e7\u00e3o sobre a disponibilidade de medicamentos fornecidos gratuitamente pelo SUS no munic\u00edpio, a fim de evitar deslocamento at\u00e9 a farm\u00e1cia municipal na falta dos mesmos. Tal projeto se deve a aplica\u00e7\u00e3o do principio da transpar\u00eancia administrativa, mas n\u00e3o apenas disponibilizar os dados, mas faze-lo em linguagem clara e acess\u00edvel a toda a sociedade interessada, chamando a sociedade para participar dos rumos da Administra\u00e7\u00e3o p\u00fablica.<\/p>\n<p>Tamb\u00e9m liberamos e aprovamos a Indica\u00e7\u00e3o de numero 38, de autoria dos Vereadores Jefferson, Deisilene e Rosilene, que tem como objetivo sugerir ao Prefeito, que seja realizado um levantamento dos alunos e um estudo socioecon\u00f4mico para viabilizar a disponibiliza\u00e7\u00e3o de transporte publico gratuito \u00e0queles alunos que se encontram em dificuldades econ\u00f4micas para deslocar diariamente \u00e0 Campo Belo para cursar o ensino superior.<\/p>\n<p>Durante a reuni\u00e3o, tivemos a honra de receber representantes da \u00e1rea da Secretaria de Sa\u00fade do nosso munic\u00edpio, que receberam das m\u00e3os da Vereadora Claedmar Aparecida Santos Maia, o certificado de Mo\u00e7\u00e3o de Aplausos, de sua autoria, que aprovamos no dia 28 de junho, aos profissionais da sa\u00fade, que vem trabalhando incansavelmente durante o per\u00edodo da COVID-19.<\/p>\n<p>Ao cidad\u00e3o cristalense e ouvinte da r\u00e1dio Cristal FM, que deseja acompanhar mais o nosso trabalho na C\u00e2mara durante as Reuni\u00f5es Ordin\u00e1rias que acontecem durante todas as segundas feiras \u00e0s 18h, e saber sobre os of\u00edcios, indica\u00e7\u00f5es e Projetos de Leis, basta se conectar ao nosso canal no Youtube \u2013 \u201c<u>C\u00e2mara Municipal de Cristais\u201d <\/u>\u00a0e ao nosso site <a href=\"http:\/\/www.camaracristais.mg.gov.br\">www.camaracristais.mg.gov.br<\/a>.<\/p>\n<p>No site da C\u00e2mara voc\u00ea pode conferir as atas das reuni\u00f5es, as indica\u00e7\u00f5es dos Vereadores para o Poder Executivo, as Leis que est\u00e3o em vigor, assim como na aba da Transpar\u00eancia, conferir as despesas do Legislativo, como folha de pagamento, di\u00e1rias de viagens, gastos com o pessoal, decretos, Leis aprovadas e a estrutura interna da C\u00e2mara.<\/p>\n<p>Por fim, fortale\u00e7o a ideia de que a C\u00e2mara Municipal de Cristais, leg\u00edtima representante do povo, refor\u00e7a o seu compromisso para com todos os cristalenses e todos os vereadores se colocam \u00e0 disposi\u00e7\u00e3o para toda a popula\u00e7\u00e3o.<\/p>\n<p>&nbsp;<\/p>\n<p><em>C\u00e2mara Municipal de Cristais Gest\u00e3o 2021\/2024.<\/em><\/p>\n","protected":false},"excerpt":{"rendered":"<p>Em reuni\u00e3o no dia 23 de agosto, n\u00f3s Vereadores da C\u00e2mara Municipal, realizamos a trig\u00e9sima segunda reuni\u00e3o ordin\u00e1ria de 2021.\u00a0 Na pauta de vota\u00e7\u00e3o constava 5 (cinco) Projetos de Lei [&hellip;]<\/p>\n","protected":false},"author":9,"featured_media":11525,"comment_status":"open","ping_status":"open","sticky":false,"template":"","format":"standard","meta":{"footnotes":""},"categories":[45],"tags":[],"class_list":["post-11580","post","type-post","status-publish","format-standard","has-post-thumbnail","hentry","category-noticias"],"_links":{"self":[{"href":"https:\/\/camaracristais.mg.gov.br\/index.php?rest_route=\/wp\/v2\/posts\/11580","targetHints":{"allow":["GET"]}}],"collection":[{"href":"https:\/\/camaracristais.mg.gov.br\/index.php?rest_route=\/wp\/v2\/posts"}],"about":[{"href":"https:\/\/camaracristais.mg.gov.br\/index.php?rest_route=\/wp\/v2\/types\/post"}],"author":[{"embeddable":true,"href":"https:\/\/camaracristais.mg.gov.br\/index.php?rest_route=\/wp\/v2\/users\/9"}],"replies":[{"embeddable":true,"href":"https:\/\/camaracristais.mg.gov.br\/index.php?rest_route=%2Fwp%2Fv2%2Fcomments&post=11580"}],"version-history":[{"count":1,"href":"https:\/\/camaracristais.mg.gov.br\/index.php?rest_route=\/wp\/v2\/posts\/11580\/revisions"}],"predecessor-version":[{"id":11581,"href":"https:\/\/camaracristais.mg.gov.br\/index.php?rest_route=\/wp\/v2\/posts\/11580\/revisions\/11581"}],"wp:featuredmedia":[{"embeddable":true,"href":"https:\/\/camaracristais.mg.gov.br\/index.php?rest_route=\/wp\/v2\/media\/11525"}],"wp:attachment":[{"href":"https:\/\/camaracristais.mg.gov.br\/index.php?rest_route=%2Fwp%2Fv2%2Fmedia&parent=11580"}],"wp:term":[{"taxonomy":"category","embeddable":true,"href":"https:\/\/camaracristais.mg.gov.br\/index.php?rest_route=%2Fwp%2Fv2%2Fcategories&post=11580"},{"taxonomy":"post_tag","embeddable":true,"href":"https:\/\/camaracristais.mg.gov.br\/index.php?rest_route=%2Fwp%2Fv2%2Ftags&post=11580"}],"curies":[{"name":"wp","href":"https:\/\/api.w.org\/{rel}","templated":true}]}}