{"id":11578,"date":"2021-08-18T17:20:31","date_gmt":"2021-08-18T20:20:31","guid":{"rendered":"http:\/\/camaracristais.mg.gov.br\/?p=11578"},"modified":"2024-10-07T14:24:06","modified_gmt":"2024-10-07T17:24:06","slug":"19o-programa-semanal-da-camara-municipal-na-radio-cristal-fm","status":"publish","type":"post","link":"https:\/\/camaracristais.mg.gov.br\/?p=11578","title":{"rendered":"19\u00ba Programa semanal da C\u00e2mara Municipal na R\u00e1dio Cristal FM"},"content":{"rendered":"<p>Essa semana em especial, estaremos falando sobre as duas \u00faltimas reuni\u00f5es que aconteceram no Plen\u00e1rio da C\u00e2mara Municipal. Em reuni\u00e3o no dia 09 de agosto, n\u00f3s Vereadores da C\u00e2mara Municipal, realizamos a trig\u00e9sima reuni\u00e3o ordin\u00e1ria de 2021.\u00a0 Na pauta de vota\u00e7\u00e3o constava 5 (cinco) Projetos de Lei de autoria do Poder Executivo e 1 (uma) Indica\u00e7\u00e3o e 1 (uma) Resolu\u00e7\u00e3o de autoria do Poder Legislativo. Sem a parceria dos Vereadores e Poder Executivo, muitas melhorias para a popula\u00e7\u00e3o cristalense, n\u00e3o poderiam estar sendo realizadas na cidade.<\/p>\n<p>Para <strong>Secretaria de Obras e Servi\u00e7os P\u00fablicos, <\/strong>os Vereadores dentro da comiss\u00e3o de Finan\u00e7as e Or\u00e7amento,\u00a0 solicitaram tempo no Projeto de Lei que abre credito no valor de R$110.000,00 (cento e dez mil reais) para a manuten\u00e7\u00e3o das vias urbanas com servi\u00e7os como tapa buraco, pagamento da empresa Alicerce, que presta servi\u00e7o de limpeza urbana, compra de material de limpeza, cesta b\u00e1sica e combust\u00edvel e o pagamento da empresa CTR, que presta servi\u00e7o de coleta de lixo da Usina, para que a Administra\u00e7\u00e3o possa enviar para o Legislativo, a c\u00f3pia dos contratos com essas empresas, que faltaram ser anexados juntos ao projeto e maiores explica\u00e7\u00f5es sobre esses contratos.<\/p>\n<p>Para <strong>Secretaria de Sa\u00fade, <\/strong>n\u00f3s Vereadores aprovamos e liberamos o Projeto de Lei que abre credito no valor de R$116.732,40 (cento e dezesseis mil setecentos e trinta e dois reais e quarenta centavos) para pagamento dos custos relativos \u00e0 base do SAMU.<\/p>\n<p>Para <strong>Secretaria de Assist\u00eancia Social,<\/strong> liberamos e aprovamos o Projeto de Lei n\u00famero 109 que visa a abertura de credito adicional no valor de R$15.000,00 (quinze mil reais) para suplementar a dota\u00e7\u00e3o de vencimentos e vantagens de servidora municipal, remanejada para a Prote\u00e7\u00e3o Social Especial.<\/p>\n<p>Tamb\u00e9m liberamos e aprovamos os Projetos que alteram a quantidade de representantes no Conselho Municipal do Idoso e no Conselho Municipal de Assist\u00eancia Social.<\/p>\n<p>De minha autoria, tamb\u00e9m aprovamos a <strong>Indica\u00e7\u00e3o <\/strong>para o Executivo que visa verificar a possibilidade de que seja realizada a constru\u00e7\u00e3o de jardim com gramado, flores e cercado por um passeio na Rua Ana maia, nos fundos da Escola Estadual Dr. Osmar Bicalho.<\/p>\n<p>Liberamos e aprovamos tamb\u00e9m, a Resolu\u00e7\u00e3o de n\u00ba180\/2021 que abre credito adicional suplementar no valor de R$38.000,00 (trinta e oito mil reais) para suplementa\u00e7\u00e3o interna na C\u00e2mara Municipal.<\/p>\n<p>Com muito orgulho, tamb\u00e9m gostaria de compartilhar com todos voc\u00eas ouvintes da radio Cristal FM, o evento que participamos na manh\u00e3 da ter\u00e7a feira, dia 10 de agosto. Depois de muita luta e trabalho incans\u00e1vel da Secretaria de Sa\u00fade, da Administra\u00e7\u00e3o Municipal e com total apoio de n\u00f3s Vereadores, Cristais, agora conta com a sede em nosso munic\u00edpio de uma Unidade de Suporte B\u00e1sico (UBS) do Servi\u00e7o de atendimento m\u00f3vel de Urg\u00eancia \u2013 SAMU\/CIS-URG. O evento foi realizado conforme as normas de seguran\u00e7a, devido ao Covid-19, e com toda certeza, esse \u00e9 um momento important\u00edssimo para todos n\u00f3s cristalenses, que teremos mais de perto, um apoio de 24 horas desse atendimento m\u00f3vel de urg\u00eancia ou emerg\u00eancia, e nos Vereadores n\u00e3o poder\u00edamos deixar de estar presente.<\/p>\n<p>E por fim, na reuni\u00e3o desta ultima segunda feira, dia 16 de agosto, n\u00f3s Vereadores da C\u00e2mara Municipal, realizamos a trig\u00e9sima reuni\u00e3o ordin\u00e1ria de 2021, onde constava na pauta de vota\u00e7\u00e3o, 2 (dois) Projetos de Lei de autoria do Poder Executivo e 1 (uma) Mo\u00e7\u00e3o de Aplausos de autoria do Poder Legislativo.<\/p>\n<p>Para <strong>Secretaria de Sa\u00fade, <\/strong>n\u00f3s Vereadores aprovamos e liberamos o Projeto de Lei que abre credito no valor de R$ 3.200,00 (tr\u00eas mil e duzentos reais) para abertura de credito especial para o pagamento do contrato de rateio e transfer\u00eancia de recursos para aquisi\u00e7\u00e3o de produtos relativos \u00e0 participa\u00e7\u00e3o do munic\u00edpio no Consorcio Nacional de vacinas das cidades Brasileiras. O cons\u00f3rcio de rateio \u00e9 um contrato celebrado em posse de um contrato de consorcio p\u00fablico, que visa a presta\u00e7\u00e3o do servi\u00e7o p\u00fablico, de interesse coletivo e benef\u00edcio para a popula\u00e7\u00e3o.<\/p>\n<p>Tamb\u00e9m para sa\u00fade, liberamos e aprovamos o Projeto de Lei que abre o cr\u00e9dito no valor de R$ 24.204,00 (vinte e quatro mil duzentos e quatro reais), que abre o credito adicional para o incentivo financeiro que ser\u00e1 usado para compra de mascaras, \u00e1lcool gel para distribui\u00e7\u00e3o nas escolas da rede b\u00e1sica de ensino Municipal e Estadual, e material gr\u00e1fico para a realiza\u00e7\u00e3o de a\u00e7\u00f5es em sa\u00fade voltadas para o tema \u201cPreven\u00e7\u00e3o \u00e0 COVID-19\u201d com distribui\u00e7\u00e3o nas escolas de rede b\u00e1sica de ensino.<\/p>\n<p>De minha autoria, tive a honra de apresentar aos meus colegas Vereadores e ter o apoio deles, a Mo\u00e7\u00e3o de aplausos para os professores e demais servidores pertencentes ao quadro da secretaria Municipal de educa\u00e7\u00e3o, estendendo tamb\u00e9m, aos pais. Essa mo\u00e7\u00e3o de aplausos, tem como objetivo parabenizar todos esses profissionais, que tiveram que se reinventar no modo de ensino, devido a pandemia do Covid-19. Toda a forma de ensino teve que ser aprimorada, devido \u00e0 aus\u00eancia das aulas presenciais, e os profissionais de educa\u00e7\u00e3o, alunos e tamb\u00e9m seus pais, tiveram que se unir e reaprender uma nova forma de aprendizado.<\/p>\n<p>Ao cidad\u00e3o cristalense e ouvinte da r\u00e1dio Cristal FM, que deseja acompanhar mais o nosso trabalho na C\u00e2mara durante as Reuni\u00f5es Ordin\u00e1rias que acontecem durante todas as segundas feiras \u00e0s 18h, e saber sobre os of\u00edcios, indica\u00e7\u00f5es e Projetos de Leis, basta se conectar ao nosso canal no Youtube \u2013 \u201c<u>C\u00e2mara Municipal de Cristais\u201d <\/u>\u00a0e ao nosso site <a href=\"http:\/\/www.camaracristais.mg.gov.br\">www.camaracristais.mg.gov.br<\/a>.<\/p>\n<p>No site da C\u00e2mara voc\u00ea pode conferir as atas das reuni\u00f5es, as indica\u00e7\u00f5es dos Vereadores para o Poder Executivo, as Leis que est\u00e3o em vigor, assim como na aba da Transpar\u00eancia, conferir as despesas do Legislativo, como folha de pagamento, di\u00e1rias de viagens, gastos com o pessoal, decretos, Leis aprovadas e a estrutura interna da C\u00e2mara.<\/p>\n<p>Por fim, fortale\u00e7o a ideia de que a C\u00e2mara Municipal de Cristais, leg\u00edtima representante do povo, refor\u00e7a o seu compromisso para com todos os cristalenses e todos os vereadores se colocam \u00e0 disposi\u00e7\u00e3o para toda a popula\u00e7\u00e3o.<\/p>\n<p>&nbsp;<\/p>\n<p><em>C\u00e2mara Municipal de Cristais Gest\u00e3o 2021\/2024.<\/em><\/p>\n","protected":false},"excerpt":{"rendered":"<p>Essa semana em especial, estaremos falando sobre as duas \u00faltimas reuni\u00f5es que aconteceram no Plen\u00e1rio da C\u00e2mara Municipal. Em reuni\u00e3o no dia 09 de agosto, n\u00f3s Vereadores da C\u00e2mara Municipal, [&hellip;]<\/p>\n","protected":false},"author":9,"featured_media":11559,"comment_status":"open","ping_status":"open","sticky":false,"template":"","format":"standard","meta":{"footnotes":""},"categories":[45],"tags":[],"class_list":["post-11578","post","type-post","status-publish","format-standard","has-post-thumbnail","hentry","category-noticias"],"_links":{"self":[{"href":"https:\/\/camaracristais.mg.gov.br\/index.php?rest_route=\/wp\/v2\/posts\/11578","targetHints":{"allow":["GET"]}}],"collection":[{"href":"https:\/\/camaracristais.mg.gov.br\/index.php?rest_route=\/wp\/v2\/posts"}],"about":[{"href":"https:\/\/camaracristais.mg.gov.br\/index.php?rest_route=\/wp\/v2\/types\/post"}],"author":[{"embeddable":true,"href":"https:\/\/camaracristais.mg.gov.br\/index.php?rest_route=\/wp\/v2\/users\/9"}],"replies":[{"embeddable":true,"href":"https:\/\/camaracristais.mg.gov.br\/index.php?rest_route=%2Fwp%2Fv2%2Fcomments&post=11578"}],"version-history":[{"count":1,"href":"https:\/\/camaracristais.mg.gov.br\/index.php?rest_route=\/wp\/v2\/posts\/11578\/revisions"}],"predecessor-version":[{"id":11579,"href":"https:\/\/camaracristais.mg.gov.br\/index.php?rest_route=\/wp\/v2\/posts\/11578\/revisions\/11579"}],"wp:featuredmedia":[{"embeddable":true,"href":"https:\/\/camaracristais.mg.gov.br\/index.php?rest_route=\/wp\/v2\/media\/11559"}],"wp:attachment":[{"href":"https:\/\/camaracristais.mg.gov.br\/index.php?rest_route=%2Fwp%2Fv2%2Fmedia&parent=11578"}],"wp:term":[{"taxonomy":"category","embeddable":true,"href":"https:\/\/camaracristais.mg.gov.br\/index.php?rest_route=%2Fwp%2Fv2%2Fcategories&post=11578"},{"taxonomy":"post_tag","embeddable":true,"href":"https:\/\/camaracristais.mg.gov.br\/index.php?rest_route=%2Fwp%2Fv2%2Ftags&post=11578"}],"curies":[{"name":"wp","href":"https:\/\/api.w.org\/{rel}","templated":true}]}}