{"id":11574,"date":"2021-08-10T15:18:50","date_gmt":"2021-08-10T18:18:50","guid":{"rendered":"http:\/\/camaracristais.mg.gov.br\/?p=11574"},"modified":"2024-10-07T14:24:06","modified_gmt":"2024-10-07T17:24:06","slug":"vereadores-participam-de-cerimonia-de-inauguracao-da-unidade-do-samu-em-cristais","status":"publish","type":"post","link":"https:\/\/camaracristais.mg.gov.br\/?p=11574","title":{"rendered":"Vereadores Participam de cerimonia de inaugura\u00e7\u00e3o da Unidade do SAMU em Cristais"},"content":{"rendered":"<p>Na manh\u00e3 desta quarta-feira, dia 10 de agosto, os Vereadores da C\u00e2mara Municipal de Cristais, participaram da cerim\u00f4nia de inaugura\u00e7\u00e3o do Posto do Samu em nossa cidade. Ap\u00f3s muita luta e trabalho incans\u00e1vel da Secretaria de sa\u00fade, da Administra\u00e7\u00e3o Municipal e com total apoio de n\u00f3s Vereadores, Cristais, agora conta com a sede em nosso munic\u00edpio de uma Unidade de Suporte B\u00e1sico (UBS) do Servi\u00e7o de atendimento m\u00f3vel de Urg\u00eancia \u2013 SAMU\/CIS-URG.<\/p>\n<p>O evento foi realizado conforme as normas de seguran\u00e7a, devido ao Covid-19, e com toda certeza, esse \u00e9 um momento important\u00edssimo para todos n\u00f3s cristalenses, que teremos mais de perto, um apoio de 24 horas desse atendimento m\u00f3vel de urg\u00eancia ou emerg\u00eancia, e os Vereadores n\u00e3o poderiam deixar de estar presente.<\/p>\n<p>O SAMU tem como principal finalidade, prestar o socorro \u00e0 popula\u00e7\u00e3o nas\u00a0urg\u00eancias e emerg\u00eancias,\u00a0reduzindo assim o n\u00famero de mortes e tamb\u00e9m, sequelas decorrentes da falta de socorro r\u00e1pido e adequado.<\/p>\n<p>Com profissionais capacitados, esse servi\u00e7o funciona 24 horas por dia com m\u00e9dicos, enfermeiros, auxiliares\/t\u00e9cnicos de enfermagem e condutores. O atendimento ao paciente e iniciado no momento em que os profissionais atendem as chamadas na Central, e, conforme as informa\u00e7\u00f5es fornecidas, transferem os casos emergenciais ao m\u00e9dico, orientando sobre as primeiras a\u00e7\u00f5es a serem realizadas.<\/p>\n<p>\u00c9 encaminhada ao local em que o paciente est\u00e1 uma ambul\u00e2ncia de suporte b\u00e1sico de vida, com auxiliar\/t\u00e9cnico de enfermagem socorrista; para os casos de maior gravidade tamb\u00e9m \u00e9 enviada ao local uma ambul\u00e2ncia de suporte avan\u00e7ado de vida, na qual est\u00e3o presentes o m\u00e9dico e o enfermeiro. Ap\u00f3s a chegada da ambul\u00e2ncia com os profissionais de sa\u00fade, \u00e9 realizado o atendimento inicial de acordo com o quadro cl\u00ednico do paciente e providenciada sua transfer\u00eancia ao hospital mais pr\u00f3ximo ou que tenha o suporte necess\u00e1rio para seu tratamento, garantindo que o atendimento de urg\u00eancia tenha continuidade.<\/p>\n<p>Essa e mais uma conquista que com a parceria entre os Poderes Executivo e Legislativo, foi poss\u00edvel tornar uma realidade para todos n\u00f3s cristalenses.<img loading=\"lazy\" decoding=\"async\" class=\"alignnone size-medium wp-image-11576\" src=\"http:\/\/camaracristais.mg.gov.br\/wp-content\/uploads\/2021\/08\/IMG_E95371-300x225.jpg\" alt=\"\" width=\"300\" height=\"225\" srcset=\"https:\/\/camaracristais.mg.gov.br\/wp-content\/uploads\/2021\/08\/IMG_E95371-300x225.jpg 300w, https:\/\/camaracristais.mg.gov.br\/wp-content\/uploads\/2021\/08\/IMG_E95371-768x576.jpg 768w, https:\/\/camaracristais.mg.gov.br\/wp-content\/uploads\/2021\/08\/IMG_E95371-1024x768.jpg 1024w, https:\/\/camaracristais.mg.gov.br\/wp-content\/uploads\/2021\/08\/IMG_E95371-80x60.jpg 80w, https:\/\/camaracristais.mg.gov.br\/wp-content\/uploads\/2021\/08\/IMG_E95371-265x198.jpg 265w, https:\/\/camaracristais.mg.gov.br\/wp-content\/uploads\/2021\/08\/IMG_E95371-696x522.jpg 696w, https:\/\/camaracristais.mg.gov.br\/wp-content\/uploads\/2021\/08\/IMG_E95371-1068x801.jpg 1068w, https:\/\/camaracristais.mg.gov.br\/wp-content\/uploads\/2021\/08\/IMG_E95371-560x420.jpg 560w\" sizes=\"auto, (max-width: 300px) 100vw, 300px\" \/><\/p>\n","protected":false},"excerpt":{"rendered":"<p>Na manh\u00e3 desta quarta-feira, dia 10 de agosto, os Vereadores da C\u00e2mara Municipal de Cristais, participaram da cerim\u00f4nia de inaugura\u00e7\u00e3o do Posto do Samu em nossa cidade. Ap\u00f3s muita luta [&hellip;]<\/p>\n","protected":false},"author":9,"featured_media":11575,"comment_status":"open","ping_status":"open","sticky":false,"template":"","format":"standard","meta":{"footnotes":""},"categories":[45],"tags":[],"class_list":["post-11574","post","type-post","status-publish","format-standard","has-post-thumbnail","hentry","category-noticias"],"_links":{"self":[{"href":"https:\/\/camaracristais.mg.gov.br\/index.php?rest_route=\/wp\/v2\/posts\/11574","targetHints":{"allow":["GET"]}}],"collection":[{"href":"https:\/\/camaracristais.mg.gov.br\/index.php?rest_route=\/wp\/v2\/posts"}],"about":[{"href":"https:\/\/camaracristais.mg.gov.br\/index.php?rest_route=\/wp\/v2\/types\/post"}],"author":[{"embeddable":true,"href":"https:\/\/camaracristais.mg.gov.br\/index.php?rest_route=\/wp\/v2\/users\/9"}],"replies":[{"embeddable":true,"href":"https:\/\/camaracristais.mg.gov.br\/index.php?rest_route=%2Fwp%2Fv2%2Fcomments&post=11574"}],"version-history":[{"count":1,"href":"https:\/\/camaracristais.mg.gov.br\/index.php?rest_route=\/wp\/v2\/posts\/11574\/revisions"}],"predecessor-version":[{"id":11577,"href":"https:\/\/camaracristais.mg.gov.br\/index.php?rest_route=\/wp\/v2\/posts\/11574\/revisions\/11577"}],"wp:featuredmedia":[{"embeddable":true,"href":"https:\/\/camaracristais.mg.gov.br\/index.php?rest_route=\/wp\/v2\/media\/11575"}],"wp:attachment":[{"href":"https:\/\/camaracristais.mg.gov.br\/index.php?rest_route=%2Fwp%2Fv2%2Fmedia&parent=11574"}],"wp:term":[{"taxonomy":"category","embeddable":true,"href":"https:\/\/camaracristais.mg.gov.br\/index.php?rest_route=%2Fwp%2Fv2%2Fcategories&post=11574"},{"taxonomy":"post_tag","embeddable":true,"href":"https:\/\/camaracristais.mg.gov.br\/index.php?rest_route=%2Fwp%2Fv2%2Ftags&post=11574"}],"curies":[{"name":"wp","href":"https:\/\/api.w.org\/{rel}","templated":true}]}}