{"id":11407,"date":"2021-01-05T13:27:53","date_gmt":"2021-01-05T16:27:53","guid":{"rendered":"http:\/\/camaracristais.mg.gov.br\/?p=11407"},"modified":"2024-10-07T14:24:38","modified_gmt":"2024-10-07T17:24:38","slug":"definida-as-comissoes-permanentes-para-o-exercicio-legislativo-do-ano-de-2021","status":"publish","type":"post","link":"https:\/\/camaracristais.mg.gov.br\/?p=11407","title":{"rendered":"Definida as comiss\u00f5es permanentes para o exerc\u00edcio legislativo do ano de 2021"},"content":{"rendered":"<p><span data-contrast=\"auto\">Aconteceu no in\u00edcio da noite do \u00faltimo dia quatro de janeiro, no Plen\u00e1rio da C\u00e2mara Municipal, a primeira\u00a0<\/span><span data-contrast=\"auto\">reuni\u00e3o<\/span><span data-contrast=\"auto\">\u00a0<\/span><span data-contrast=\"auto\">ordin\u00e1ria<\/span><span data-contrast=\"auto\">\u00a0onde foi definido,\u00a0<\/span><span data-contrast=\"auto\">as comiss\u00f5es permanentes para o exerc\u00edcio legislativo do ano de 2021.<\/span><span data-ccp-props=\"{&quot;201341983&quot;:0,&quot;335559739&quot;:160,&quot;335559740&quot;:259}\">\u00a0<\/span><\/p>\n<p><span data-contrast=\"auto\">Ap\u00f3s vota\u00e7\u00e3o, o Presidente da casa Legislativa, Marcos Ant\u00f4nio de Souza, informou de acordo com a Lei Org\u00e2nica Municipal, que as comiss\u00f5es ficaram com a seguinte composi\u00e7\u00e3o:<\/span><span data-ccp-props=\"{&quot;201341983&quot;:0,&quot;335559739&quot;:160,&quot;335559740&quot;:259}\">\u00a0<\/span><\/p>\n<p><b><span data-contrast=\"auto\">Comiss\u00e3o de Legisla\u00e7\u00e3o e Justi\u00e7a e Reda\u00e7\u00e3o Final\u00a0<\/span><\/b><span data-ccp-props=\"{&quot;201341983&quot;:0,&quot;335559739&quot;:160,&quot;335559740&quot;:259}\">\u00a0<\/span><\/p>\n<p><b><span data-contrast=\"auto\">Presidente:\u00a0<\/span><\/b><span data-contrast=\"auto\">Marilene Silva de Paula<\/span><span data-ccp-props=\"{&quot;201341983&quot;:0,&quot;335559739&quot;:160,&quot;335559740&quot;:259}\">\u00a0<\/span><\/p>\n<p><b><span data-contrast=\"auto\">Membro:\u00a0<\/span><\/b><span data-contrast=\"auto\">Claedmar\u00a0Aparecida Santos Maia<\/span><span data-ccp-props=\"{&quot;201341983&quot;:0,&quot;335559739&quot;:160,&quot;335559740&quot;:259}\">\u00a0<\/span><\/p>\n<p><b><span data-contrast=\"auto\">Relator:\u00a0<\/span><\/b><span data-contrast=\"auto\">Jefferson\u00a0\u00c1zara\u00a0Cardoso<\/span><span data-ccp-props=\"{&quot;201341983&quot;:0,&quot;335559739&quot;:160,&quot;335559740&quot;:259}\">\u00a0<\/span><\/p>\n<p><b><span data-contrast=\"auto\">1\u00ba suplente:\u00a0<\/span><\/b><span data-contrast=\"auto\">Deisilene\u00a0Martins<\/span><span data-ccp-props=\"{&quot;201341983&quot;:0,&quot;335559739&quot;:160,&quot;335559740&quot;:259}\">\u00a0<\/span><\/p>\n<p><b><span data-contrast=\"auto\">2\u00ba Suplente:\u00a0<\/span><\/b><span data-contrast=\"auto\">Edvaldo Rosa Reis<\/span><b><span data-contrast=\"auto\">\u00a0\u00a0<\/span><\/b><span data-ccp-props=\"{&quot;201341983&quot;:0,&quot;335559739&quot;:160,&quot;335559740&quot;:259}\">\u00a0<\/span><\/p>\n<p><span data-ccp-props=\"{&quot;201341983&quot;:0,&quot;335559739&quot;:160,&quot;335559740&quot;:259}\">\u00a0<\/span><\/p>\n<p><b><span data-contrast=\"auto\">Comiss\u00e3o de Finan\u00e7as e Or\u00e7amento<\/span><\/b><span data-ccp-props=\"{&quot;201341983&quot;:0,&quot;335559739&quot;:160,&quot;335559740&quot;:259}\">\u00a0<\/span><\/p>\n<p><b><span data-contrast=\"auto\">Presidente:\u00a0<\/span><\/b><span data-contrast=\"auto\">Marcos\u00a0Basilio\u00a0Neves<\/span><span data-ccp-props=\"{&quot;201341983&quot;:0,&quot;335559739&quot;:160,&quot;335559740&quot;:259}\">\u00a0<\/span><\/p>\n<p><b><span data-contrast=\"auto\">Membro:\u00a0<\/span><\/b><span data-contrast=\"auto\">Jefferson\u00a0\u00c1zara\u00a0Cardoso<\/span><span data-ccp-props=\"{&quot;201341983&quot;:0,&quot;335559739&quot;:160,&quot;335559740&quot;:259}\">\u00a0<\/span><\/p>\n<p><b><span data-contrast=\"auto\">Relator:\u00a0<\/span><\/b><span data-contrast=\"auto\">Deisilene\u00a0Martins<\/span><span data-ccp-props=\"{&quot;201341983&quot;:0,&quot;335559739&quot;:160,&quot;335559740&quot;:259}\">\u00a0<\/span><\/p>\n<p><b><span data-contrast=\"auto\">1\u00ba Suplente:\u00a0<\/span><\/b><span data-contrast=\"auto\">Edvaldo Rosa Reis<\/span><span data-ccp-props=\"{&quot;201341983&quot;:0,&quot;335559739&quot;:160,&quot;335559740&quot;:259}\">\u00a0<\/span><\/p>\n<p><b><span data-contrast=\"auto\">2\u00ba Suplente:\u00a0<\/span><\/b><span data-contrast=\"auto\">Marilene Silva de Paula<\/span><span data-ccp-props=\"{&quot;201341983&quot;:0,&quot;335559739&quot;:160,&quot;335559740&quot;:259}\">\u00a0<\/span><\/p>\n<p><span data-ccp-props=\"{&quot;201341983&quot;:0,&quot;335559739&quot;:160,&quot;335559740&quot;:259}\">\u00a0<\/span><\/p>\n<p><b><span data-contrast=\"auto\">Comiss\u00e3o de Obras e Servi\u00e7os P\u00fablicos<\/span><\/b><span data-ccp-props=\"{&quot;201341983&quot;:0,&quot;335559739&quot;:160,&quot;335559740&quot;:259}\">\u00a0<\/span><\/p>\n<p><b><span data-contrast=\"auto\">Presidente:<\/span><\/b><span data-contrast=\"auto\">\u00a0Edvaldo Rosa Reis<\/span><span data-ccp-props=\"{&quot;201341983&quot;:0,&quot;335559739&quot;:160,&quot;335559740&quot;:259}\">\u00a0<\/span><\/p>\n<p><b><span data-contrast=\"auto\">Membro:\u00a0<\/span><\/b><span data-contrast=\"auto\">Marcos\u00a0Basilio\u00a0Neves<\/span><span data-ccp-props=\"{&quot;201341983&quot;:0,&quot;335559739&quot;:160,&quot;335559740&quot;:259}\">\u00a0<\/span><\/p>\n<p><b><span data-contrast=\"auto\">Relator:\u00a0<\/span><\/b><span data-contrast=\"auto\">Jefferson\u00a0\u00c1zara\u00a0Cardoso<\/span><span data-ccp-props=\"{&quot;201341983&quot;:0,&quot;335559739&quot;:160,&quot;335559740&quot;:259}\">\u00a0<\/span><\/p>\n<p><b><span data-contrast=\"auto\">1\u00ba Suplente:\u00a0<\/span><\/b><span data-contrast=\"auto\">Marilene Silva de Paula<\/span><span data-ccp-props=\"{&quot;201341983&quot;:0,&quot;335559739&quot;:160,&quot;335559740&quot;:259}\">\u00a0<\/span><\/p>\n<p><b><span data-contrast=\"auto\">2\u00ba Suplente:\u00a0<\/span><\/b><span data-contrast=\"auto\">Claedmar\u00a0Aparecida Santos Maia<\/span><span data-ccp-props=\"{&quot;201341983&quot;:0,&quot;335559739&quot;:160,&quot;335559740&quot;:259}\">\u00a0<\/span><\/p>\n<p><span data-ccp-props=\"{&quot;201341983&quot;:0,&quot;335559739&quot;:160,&quot;335559740&quot;:259}\">\u00a0<\/span><\/p>\n<p><b><span data-contrast=\"auto\">Comiss\u00e3o de Educa\u00e7\u00e3o, Sa\u00fade e Assist\u00eancia social<\/span><\/b><span data-ccp-props=\"{&quot;201341983&quot;:0,&quot;335559739&quot;:160,&quot;335559740&quot;:259}\">\u00a0<\/span><\/p>\n<p><b><span data-contrast=\"auto\">Presidente:\u00a0<\/span><\/b><span data-contrast=\"auto\">Claedmar\u00a0Aparecida Santos Maia<\/span><span data-ccp-props=\"{&quot;201341983&quot;:0,&quot;335559739&quot;:160,&quot;335559740&quot;:259}\">\u00a0<\/span><\/p>\n<p><b><span data-contrast=\"auto\">Membro:\u00a0<\/span><\/b><span data-contrast=\"auto\">Marilene Silva de Paula<\/span><span data-ccp-props=\"{&quot;201341983&quot;:0,&quot;335559739&quot;:160,&quot;335559740&quot;:259}\">\u00a0<\/span><\/p>\n<p><b><span data-contrast=\"auto\">Relator:\u00a0<\/span><\/b><span data-contrast=\"auto\">Deisilene\u00a0Martins<\/span><span data-ccp-props=\"{&quot;201341983&quot;:0,&quot;335559739&quot;:160,&quot;335559740&quot;:259}\">\u00a0<\/span><\/p>\n<p><b><span data-contrast=\"auto\">1\u00ba Suplente:\u00a0<\/span><\/b><span data-contrast=\"auto\">Edvaldo Rosa Reis<\/span><span data-ccp-props=\"{&quot;201341983&quot;:0,&quot;335559739&quot;:160,&quot;335559740&quot;:259}\">\u00a0<\/span><\/p>\n<p><b><span data-contrast=\"auto\">2\u00ba suplente:\u00a0<\/span><\/b><span data-contrast=\"auto\">Marcos\u00a0Basilo\u00a0Neves<\/span><span data-ccp-props=\"{&quot;201341983&quot;:0,&quot;335559739&quot;:160,&quot;335559740&quot;:259}\">\u00a0<\/span><\/p>\n<p><span data-contrast=\"auto\">\u00a0<\/span><span data-ccp-props=\"{&quot;201341983&quot;:0,&quot;335559739&quot;:160,&quot;335559740&quot;:259}\">\u00a0<\/span><\/p>\n<p><b><span data-contrast=\"auto\">TESOUREIRA:<\/span><\/b><span data-ccp-props=\"{&quot;201341983&quot;:0,&quot;335559739&quot;:160,&quot;335559740&quot;:259}\">\u00a0<\/span><\/p>\n<p><span data-contrast=\"auto\">Deisilene\u00a0Martins<\/span><span data-ccp-props=\"{&quot;201341983&quot;:0,&quot;335559739&quot;:160,&quot;335559740&quot;:259}\">\u00a0<\/span><\/p>\n<p><span data-ccp-props=\"{&quot;201341983&quot;:0,&quot;335559739&quot;:160,&quot;335559740&quot;:259}\">\u00a0<\/span><\/p>\n","protected":false},"excerpt":{"rendered":"<p>Aconteceu no in\u00edcio da noite do \u00faltimo dia quatro de janeiro, no Plen\u00e1rio da C\u00e2mara Municipal, a primeira\u00a0reuni\u00e3o\u00a0ordin\u00e1ria\u00a0onde foi definido,\u00a0as comiss\u00f5es permanentes para o exerc\u00edcio legislativo do ano de 2021.\u00a0 [&hellip;]<\/p>\n","protected":false},"author":9,"featured_media":11409,"comment_status":"open","ping_status":"open","sticky":false,"template":"","format":"standard","meta":{"footnotes":""},"categories":[45],"tags":[],"class_list":["post-11407","post","type-post","status-publish","format-standard","has-post-thumbnail","hentry","category-noticias"],"_links":{"self":[{"href":"https:\/\/camaracristais.mg.gov.br\/index.php?rest_route=\/wp\/v2\/posts\/11407","targetHints":{"allow":["GET"]}}],"collection":[{"href":"https:\/\/camaracristais.mg.gov.br\/index.php?rest_route=\/wp\/v2\/posts"}],"about":[{"href":"https:\/\/camaracristais.mg.gov.br\/index.php?rest_route=\/wp\/v2\/types\/post"}],"author":[{"embeddable":true,"href":"https:\/\/camaracristais.mg.gov.br\/index.php?rest_route=\/wp\/v2\/users\/9"}],"replies":[{"embeddable":true,"href":"https:\/\/camaracristais.mg.gov.br\/index.php?rest_route=%2Fwp%2Fv2%2Fcomments&post=11407"}],"version-history":[{"count":1,"href":"https:\/\/camaracristais.mg.gov.br\/index.php?rest_route=\/wp\/v2\/posts\/11407\/revisions"}],"predecessor-version":[{"id":11410,"href":"https:\/\/camaracristais.mg.gov.br\/index.php?rest_route=\/wp\/v2\/posts\/11407\/revisions\/11410"}],"wp:featuredmedia":[{"embeddable":true,"href":"https:\/\/camaracristais.mg.gov.br\/index.php?rest_route=\/wp\/v2\/media\/11409"}],"wp:attachment":[{"href":"https:\/\/camaracristais.mg.gov.br\/index.php?rest_route=%2Fwp%2Fv2%2Fmedia&parent=11407"}],"wp:term":[{"taxonomy":"category","embeddable":true,"href":"https:\/\/camaracristais.mg.gov.br\/index.php?rest_route=%2Fwp%2Fv2%2Fcategories&post=11407"},{"taxonomy":"post_tag","embeddable":true,"href":"https:\/\/camaracristais.mg.gov.br\/index.php?rest_route=%2Fwp%2Fv2%2Ftags&post=11407"}],"curies":[{"name":"wp","href":"https:\/\/api.w.org\/{rel}","templated":true}]}}