{"id":11366,"date":"2020-09-01T11:38:32","date_gmt":"2020-09-01T14:38:32","guid":{"rendered":"http:\/\/camaracristais.mg.gov.br\/?p=11366"},"modified":"2020-09-08T14:38:58","modified_gmt":"2020-09-08T17:38:58","slug":"participe-da-votacao-da-lei-do-orcamento-anual-loa-para-2021","status":"publish","type":"post","link":"https:\/\/camaracristais.mg.gov.br\/?p=11366","title":{"rendered":"Participe da vota\u00e7\u00e3o da Lei do Or\u00e7amento Anual (LOA) para 2021"},"content":{"rendered":"<p>A elabora\u00e7\u00e3o da Lei do Or\u00e7amento Anual (LOA), assim como a\u00a0Lei de Diretrizes Or\u00e7ament\u00e1rias (LDO) \u00e9 a pe\u00e7a de planejamento, estabelecida a partir do Plano Plurianual de A\u00e7\u00e3o Governamental (PPAG), que orienta\u00a0 o or\u00e7amento para o ano seguinte. Dentre as diretrizes\u00a0A Lei Or\u00e7ament\u00e1ria autoriza o Executivo a gastar os recursos arrecadados para manter a administra\u00e7\u00e3o, pagar os credores e fazer investimentos. A\u00a0LOA\u00a0materializa as\u00a0diretrizes\u00a0do direcionamento de gastos e despesas do governo, indicando qual ser\u00e1 o or\u00e7amento p\u00fablico dispon\u00edvel para o pr\u00f3ximo ano.\u00a0Em 27\/08\/2020, o Prefeito apresentou o projeto de lei que or\u00e7a a Receita e fixa a despesa do munic\u00edpio de Cristais para o exerc\u00edcio do ano de 2021 \u00e0 C\u00e2mara. Colocado nas Comiss\u00f5es para estudo, foi decidido como se dar\u00e1 a participa\u00e7\u00e3o popular na audi\u00eancia p\u00fablica para discutir o projeto da LOA para 2021, levando em conta a atual impossibilidade de participa\u00e7\u00e3o presencial nas reuni\u00f5es da C\u00e2mara, por ocasi\u00e3o da pandemia provocada pelo corona-v\u00edrus &#8211; CRIT\u00c9RIOS PARA SUGEST\u00d5ES POPULARES NA LOA\/ 2021 \u2022 FORMA: pelo portal da C\u00e2mara atrav\u00e9s do e-mail: camara@camaracristais.mg.gov.br ou presencialmente na sede da C\u00e2mara por escrito, permitida a entrada de 02 pessoas por vez, com uso obrigat\u00f3rio de m\u00e1scara. \u2022 PRAZO: 9:00h do dia 01\/09\/2020 \u00e0s 08:00h do dia 08\/09\/2020, sem interrup\u00e7\u00e3o. \u2022 A sugest\u00e3o dever\u00e1 conter informa\u00e7\u00f5es suficientes \u00e0 sua total compreens\u00e3o. \u2022 Todos poder\u00e3o apresentar sugest\u00f5es populares. &#8211; DATA DA AUDI\u00caNCIA P\u00daBLICA: 08\/09\/2020, \u00e0s 17:30h, no Plen\u00e1rio da C\u00e2mara, para discutir a LOA\/2021, onde ser\u00e3o respondidas eventuais perguntas e manifesta\u00e7\u00f5es apresentadas pela sociedade.<\/p>\n","protected":false},"excerpt":{"rendered":"<p>A elabora\u00e7\u00e3o da Lei do Or\u00e7amento Anual (LOA), assim como a\u00a0Lei de Diretrizes Or\u00e7ament\u00e1rias (LDO) \u00e9 a pe\u00e7a de planejamento, estabelecida a partir do Plano Plurianual de A\u00e7\u00e3o Governamental (PPAG), [&hellip;]<\/p>\n","protected":false},"author":9,"featured_media":11367,"comment_status":"open","ping_status":"open","sticky":false,"template":"","format":"standard","meta":{"footnotes":""},"categories":[425],"tags":[],"class_list":["post-11366","post","type-post","status-publish","format-standard","has-post-thumbnail","hentry","category-plenario"],"_links":{"self":[{"href":"https:\/\/camaracristais.mg.gov.br\/index.php?rest_route=\/wp\/v2\/posts\/11366","targetHints":{"allow":["GET"]}}],"collection":[{"href":"https:\/\/camaracristais.mg.gov.br\/index.php?rest_route=\/wp\/v2\/posts"}],"about":[{"href":"https:\/\/camaracristais.mg.gov.br\/index.php?rest_route=\/wp\/v2\/types\/post"}],"author":[{"embeddable":true,"href":"https:\/\/camaracristais.mg.gov.br\/index.php?rest_route=\/wp\/v2\/users\/9"}],"replies":[{"embeddable":true,"href":"https:\/\/camaracristais.mg.gov.br\/index.php?rest_route=%2Fwp%2Fv2%2Fcomments&post=11366"}],"version-history":[{"count":1,"href":"https:\/\/camaracristais.mg.gov.br\/index.php?rest_route=\/wp\/v2\/posts\/11366\/revisions"}],"predecessor-version":[{"id":11368,"href":"https:\/\/camaracristais.mg.gov.br\/index.php?rest_route=\/wp\/v2\/posts\/11366\/revisions\/11368"}],"wp:featuredmedia":[{"embeddable":true,"href":"https:\/\/camaracristais.mg.gov.br\/index.php?rest_route=\/wp\/v2\/media\/11367"}],"wp:attachment":[{"href":"https:\/\/camaracristais.mg.gov.br\/index.php?rest_route=%2Fwp%2Fv2%2Fmedia&parent=11366"}],"wp:term":[{"taxonomy":"category","embeddable":true,"href":"https:\/\/camaracristais.mg.gov.br\/index.php?rest_route=%2Fwp%2Fv2%2Fcategories&post=11366"},{"taxonomy":"post_tag","embeddable":true,"href":"https:\/\/camaracristais.mg.gov.br\/index.php?rest_route=%2Fwp%2Fv2%2Ftags&post=11366"}],"curies":[{"name":"wp","href":"https:\/\/api.w.org\/{rel}","templated":true}]}}